{"id":2139,"date":"2022-05-17T11:14:07","date_gmt":"2022-05-17T09:14:07","guid":{"rendered":"https:\/\/www.apdha.org\/sevilla\/?p=2139"},"modified":"2022-05-17T11:14:09","modified_gmt":"2022-05-17T09:14:09","slug":"debate-ingreso-minimo-vital-vs-renta-basica-universal","status":"publish","type":"post","link":"https:\/\/www.apdha.org\/sevilla\/debate-ingreso-minimo-vital-vs-renta-basica-universal\/","title":{"rendered":"Debate: Ingreso M\u00ednimo Vital vs Renta B\u00e1sica Universal"},"content":{"rendered":"\n<p>&#x1f5e3;&#xfe0f; Debate: Ingreso M\u00ednimo Vital vs Renta b\u00e1sica universal<\/p>\n\n\n\n<p>&#x1f5d3;&#xfe0f; Jueves, 19 de mayo 2022<\/p>\n\n\n\n<p>&#x23f0; 19:00 horas<\/p>\n\n\n\n<p>&#x1f4cd; Sede APDHA C\/Blanco White 5, Sevilla.<\/p>\n\n\n\n<p><\/p>\n\n\n\n<figure class=\"wp-block-image size-large\"><a href=\"https:\/\/www.apdha.org\/sevilla\/wp-content\/uploads\/renta-basica-190522.jpeg\"><img loading=\"lazy\" decoding=\"async\" width=\"1024\" height=\"724\" src=\"https:\/\/www.apdha.org\/sevilla\/wp-content\/uploads\/renta-basica-190522-1024x724.jpeg\" alt=\"\" class=\"wp-image-2140\" srcset=\"https:\/\/www.apdha.org\/sevilla\/wp-content\/uploads\/renta-basica-190522-1024x724.jpeg 1024w, https:\/\/www.apdha.org\/sevilla\/wp-content\/uploads\/renta-basica-190522-300x212.jpeg 300w, https:\/\/www.apdha.org\/sevilla\/wp-content\/uploads\/renta-basica-190522-768x543.jpeg 768w, https:\/\/www.apdha.org\/sevilla\/wp-content\/uploads\/renta-basica-190522-150x106.jpeg 150w, https:\/\/www.apdha.org\/sevilla\/wp-content\/uploads\/renta-basica-190522.jpeg 1280w\" sizes=\"auto, (max-width: 1024px) 100vw, 1024px\" \/><\/a><\/figure>\n\n\n\n<p>Despu\u00e9s de muchas luchas, nacen brotes de esperanza con el Ingreso M\u00ednimo Vital, esa renta alabada por nuestros socios europeos, y criticada por aquellos que juegan en el lado dominante y que juegan a borrar la realidad presente. Pero que no acaba de ayudar a la justicia la burocracia asfixiante, farragosa, cegando los cauces de que disponemos los ciudadanos y las ciudadanas para hacer valer nuestros derechos, pues sus expedientes de Ingreso M\u00ednimo Vital (IMV) est\u00e1n amontonados, aglutinados en esa marabunta de desesperaci\u00f3n.<\/p>\n\n\n\n<p>Tenemos que lograr, hoy m\u00e1s que nunca, el derecho a una vida digna para todas las personas. Esto hoy es m\u00e1s necesario ante el aumento brutal de la pobreza que se est\u00e1 dando.<\/p>\n\n\n\n<p>Con una renta b\u00e1sica universal (RBU) de cuant\u00eda superior al umbral de la pobreza, no hay duda de que la pobreza desaparecer\u00eda. Una RBU permitir\u00eda que todas las personas, y especialmente las m\u00e1s desfavorecidas, podr\u00edan contar con la mayor oportunidad posible para llevar a cabo los planes de vida que puedan escoger para s\u00ed mismas.<\/p>\n\n\n\n<p>De esto\u00b4, muchas cosas m\u00e1s hablaremos el pr\u00f3ximo<strong> jueves, d\u00eda 19 de mayo a las 19:00 en la sede de APDHA<\/strong>. La charla organizada por <strong>Andaluc\u00eda por una Renta B\u00e1sica Universal<\/strong>, de la APDHA Sevilla forma parte, contar\u00e1 con la siguiente participaci\u00f3n:<\/p>\n\n\n\n<ul class=\"wp-block-list\"><li><strong>Francisco Algaba Jim\u00e9nez.<\/strong> Militante de Comisiones Obreras.<\/li><li><strong>F\u00e9lix Talego V\u00e1zquez. <\/strong>Profesor de Antropolog\u00eda de la Universidad de Sevilla.<\/li><\/ul>\n\n\n\n<p>Modera: <strong>Jos\u00e9 S\u00e1nchez Vico<\/strong>, presidente de Andaluc\u00eda por la Renta B\u00e1sica Universal.<\/p>\n\n\n\n<p>\u00a1Te esperamos!<\/p>\n","protected":false},"excerpt":{"rendered":"<p>&#x1f5e3;&#xfe0f; Debate: Ingreso M\u00ednimo Vital vs Renta b\u00e1sica universal &#x1f5d3;&#xfe0f; Jueves, 19 de mayo 2022 &#x23f0; 19:00 horas &#x1f4cd; Sede APDHA C\/Blanco White 5, Sevilla. Despu\u00e9s de muchas luchas, nacen brotes de esperanza con el Ingreso M\u00ednimo Vital, esa renta alabada por nuestros socios europeos, y criticada por aquellos que \u2026<\/p>\n<p> <a class=\"continue-reading-link\" href=\"https:\/\/www.apdha.org\/sevilla\/debate-ingreso-minimo-vital-vs-renta-basica-universal\/\">Seguir Leyendo<i class=\"icon-right-dir\"><\/i><\/a><\/p>\n","protected":false},"author":1,"featured_media":0,"comment_status":"closed","ping_status":"closed","sticky":false,"template":"","format":"standard","meta":{"footnotes":""},"categories":[3],"tags":[24],"class_list":["post-2139","post","type-post","status-publish","format-standard","hentry","category-actividades","tag-renta-basica-universal"],"_links":{"self":[{"href":"https:\/\/www.apdha.org\/sevilla\/wp-json\/wp\/v2\/posts\/2139","targetHints":{"allow":["GET"]}}],"collection":[{"href":"https:\/\/www.apdha.org\/sevilla\/wp-json\/wp\/v2\/posts"}],"about":[{"href":"https:\/\/www.apdha.org\/sevilla\/wp-json\/wp\/v2\/types\/post"}],"author":[{"embeddable":true,"href":"https:\/\/www.apdha.org\/sevilla\/wp-json\/wp\/v2\/users\/1"}],"replies":[{"embeddable":true,"href":"https:\/\/www.apdha.org\/sevilla\/wp-json\/wp\/v2\/comments?post=2139"}],"version-history":[{"count":2,"href":"https:\/\/www.apdha.org\/sevilla\/wp-json\/wp\/v2\/posts\/2139\/revisions"}],"predecessor-version":[{"id":2142,"href":"https:\/\/www.apdha.org\/sevilla\/wp-json\/wp\/v2\/posts\/2139\/revisions\/2142"}],"wp:attachment":[{"href":"https:\/\/www.apdha.org\/sevilla\/wp-json\/wp\/v2\/media?parent=2139"}],"wp:term":[{"taxonomy":"category","embeddable":true,"href":"https:\/\/www.apdha.org\/sevilla\/wp-json\/wp\/v2\/categories?post=2139"},{"taxonomy":"post_tag","embeddable":true,"href":"https:\/\/www.apdha.org\/sevilla\/wp-json\/wp\/v2\/tags?post=2139"}],"curies":[{"name":"wp","href":"https:\/\/api.w.org\/{rel}","templated":true}]}}