{"id":2150,"date":"2022-06-20T13:11:45","date_gmt":"2022-06-20T11:11:45","guid":{"rendered":"https:\/\/www.apdha.org\/sevilla\/?p=2150"},"modified":"2022-06-20T13:11:46","modified_gmt":"2022-06-20T11:11:46","slug":"20j-dia-de-las-personas-refugiadas","status":"publish","type":"post","link":"https:\/\/www.apdha.org\/sevilla\/20j-dia-de-las-personas-refugiadas\/","title":{"rendered":"20J| D\u00eda de las personas refugiadas"},"content":{"rendered":"\n<p>&#x1f4e2;CONCENTRACI\u00d3N | D\u00eda de las personas refugiadas<br>&#x1f4c5; 20 de junio de 2022<br>&#x23f0; 20:30h.<br>&#x1f4cd; Plaza de la Encarnaci\u00f3n- Las Setas (Sevilla)<\/p>\n\n\n\n<figure class=\"wp-block-image size-large\"><a href=\"https:\/\/www.apdha.org\/sevilla\/wp-content\/uploads\/WhatsApp-Image-2022-06-20-at-11.48.30-AM.jpeg\"><img loading=\"lazy\" decoding=\"async\" width=\"950\" height=\"1024\" src=\"https:\/\/www.apdha.org\/sevilla\/wp-content\/uploads\/WhatsApp-Image-2022-06-20-at-11.48.30-AM-950x1024.jpeg\" alt=\"\" class=\"wp-image-2151\" srcset=\"https:\/\/www.apdha.org\/sevilla\/wp-content\/uploads\/WhatsApp-Image-2022-06-20-at-11.48.30-AM-950x1024.jpeg 950w, https:\/\/www.apdha.org\/sevilla\/wp-content\/uploads\/WhatsApp-Image-2022-06-20-at-11.48.30-AM-278x300.jpeg 278w, https:\/\/www.apdha.org\/sevilla\/wp-content\/uploads\/WhatsApp-Image-2022-06-20-at-11.48.30-AM-768x827.jpeg 768w, https:\/\/www.apdha.org\/sevilla\/wp-content\/uploads\/WhatsApp-Image-2022-06-20-at-11.48.30-AM-1426x1536.jpeg 1426w, https:\/\/www.apdha.org\/sevilla\/wp-content\/uploads\/WhatsApp-Image-2022-06-20-at-11.48.30-AM-139x150.jpeg 139w, https:\/\/www.apdha.org\/sevilla\/wp-content\/uploads\/WhatsApp-Image-2022-06-20-at-11.48.30-AM.jpeg 1485w\" sizes=\"auto, (max-width: 950px) 100vw, 950px\" \/><\/a><\/figure>\n\n\n\n<p>Desde la Plataforma Somos Migrantes, de la que forma parte la APDHA Sevilla, y en conjunto con todas las personas e instituciones que rechazamos las pol\u00edticas de muerte establecidas en Europa, nos concentramos el lunes, 20 de junio, en el D\u00eda de las Personas Refugiadas para condenar el racismo institucionalizado y recordamos que <strong>TODAS LAS VIDAS IMPORTAN, POR IGUAL<\/strong>. Y exigimos que la solidaridad y respuesta dada recientemente a tantas personas procedentes de Ucrania se haga extensiva al resto de personas. Porque la acogida no es una cuesti\u00f3n de solidaridad, sino de justicia y derechos.<\/p>\n\n\n\n<p>Y por ello decimos BIENVENIDAS TODAS LAS PERSONAS REFUGIADAS, TODAS, SIN DISTINCIONES. POR UNA POLITICA DE ACOGIDA CON DERECHOS.<\/p>\n","protected":false},"excerpt":{"rendered":"<p>&#x1f4e2;CONCENTRACI\u00d3N | D\u00eda de las personas refugiadas&#x1f4c5; 20 de junio de 2022&#x23f0; 20:30h.&#x1f4cd; Plaza de la Encarnaci\u00f3n- Las Setas (Sevilla) Desde la Plataforma Somos Migrantes, de la que forma parte la APDHA Sevilla, y en conjunto con todas las personas e instituciones que rechazamos las pol\u00edticas de muerte establecidas en \u2026<\/p>\n<p> <a class=\"continue-reading-link\" href=\"https:\/\/www.apdha.org\/sevilla\/20j-dia-de-las-personas-refugiadas\/\">Seguir Leyendo<i class=\"icon-right-dir\"><\/i><\/a><\/p>\n","protected":false},"author":1,"featured_media":2151,"comment_status":"closed","ping_status":"closed","sticky":false,"template":"","format":"standard","meta":{"footnotes":""},"categories":[1],"tags":[],"class_list":["post-2150","post","type-post","status-publish","format-standard","has-post-thumbnail","hentry","category-comunicados"],"_links":{"self":[{"href":"https:\/\/www.apdha.org\/sevilla\/wp-json\/wp\/v2\/posts\/2150","targetHints":{"allow":["GET"]}}],"collection":[{"href":"https:\/\/www.apdha.org\/sevilla\/wp-json\/wp\/v2\/posts"}],"about":[{"href":"https:\/\/www.apdha.org\/sevilla\/wp-json\/wp\/v2\/types\/post"}],"author":[{"embeddable":true,"href":"https:\/\/www.apdha.org\/sevilla\/wp-json\/wp\/v2\/users\/1"}],"replies":[{"embeddable":true,"href":"https:\/\/www.apdha.org\/sevilla\/wp-json\/wp\/v2\/comments?post=2150"}],"version-history":[{"count":1,"href":"https:\/\/www.apdha.org\/sevilla\/wp-json\/wp\/v2\/posts\/2150\/revisions"}],"predecessor-version":[{"id":2152,"href":"https:\/\/www.apdha.org\/sevilla\/wp-json\/wp\/v2\/posts\/2150\/revisions\/2152"}],"wp:featuredmedia":[{"embeddable":true,"href":"https:\/\/www.apdha.org\/sevilla\/wp-json\/wp\/v2\/media\/2151"}],"wp:attachment":[{"href":"https:\/\/www.apdha.org\/sevilla\/wp-json\/wp\/v2\/media?parent=2150"}],"wp:term":[{"taxonomy":"category","embeddable":true,"href":"https:\/\/www.apdha.org\/sevilla\/wp-json\/wp\/v2\/categories?post=2150"},{"taxonomy":"post_tag","embeddable":true,"href":"https:\/\/www.apdha.org\/sevilla\/wp-json\/wp\/v2\/tags?post=2150"}],"curies":[{"name":"wp","href":"https:\/\/api.w.org\/{rel}","templated":true}]}}