{"id":2195,"date":"2022-07-14T11:56:40","date_gmt":"2022-07-14T09:56:40","guid":{"rendered":"https:\/\/www.apdha.org\/sevilla\/?p=2195"},"modified":"2022-07-14T11:56:42","modified_gmt":"2022-07-14T09:56:42","slug":"comunicado-apdha-denuncia-falta-de-personal-servicios-sociales","status":"publish","type":"post","link":"https:\/\/www.apdha.org\/sevilla\/comunicado-apdha-denuncia-falta-de-personal-servicios-sociales\/","title":{"rendered":"Comunicado| APDHA denuncia la falta de personal en los centros de los servicios sociales de los barrios m\u00e1s empobrecidos de Sevilla"},"content":{"rendered":"\n<ul class=\"wp-block-list\"><li><strong>Denuncia la falta de planificaci\u00f3n y previsi\u00f3n de la situaci\u00f3n que se iba a producir tras la finalizaci\u00f3n de los contratos del personal, a trav\u00e9s del Programa ERACIS<\/strong><\/li><li><strong>Asegura que Sevilla necesita de unos servicios sociales de calidad, con puestos de estructura estables y presupuestos suficientes, que no dependan de subvenciones<\/strong><\/li><li><strong>La atenci\u00f3n telef\u00f3nica y v\u00eda web como recurso para enfrentar al COVID se ha instalado de forma permanente, creando una brecha digital que limita el acceso a servicios que corresponden por derecho<\/strong><\/li><\/ul>\n\n\n\n<figure class=\"wp-block-image size-full is-resized\"><a href=\"https:\/\/www.apdha.org\/sevilla\/wp-content\/uploads\/WhatsApp-Image-2022-07-13-at-10.01.19-PM.jpeg\"><img loading=\"lazy\" decoding=\"async\" src=\"https:\/\/www.apdha.org\/sevilla\/wp-content\/uploads\/WhatsApp-Image-2022-07-13-at-10.01.19-PM.jpeg\" alt=\"\" class=\"wp-image-2196\" width=\"443\" height=\"454\" srcset=\"https:\/\/www.apdha.org\/sevilla\/wp-content\/uploads\/WhatsApp-Image-2022-07-13-at-10.01.19-PM.jpeg 585w, https:\/\/www.apdha.org\/sevilla\/wp-content\/uploads\/WhatsApp-Image-2022-07-13-at-10.01.19-PM-293x300.jpeg 293w, https:\/\/www.apdha.org\/sevilla\/wp-content\/uploads\/WhatsApp-Image-2022-07-13-at-10.01.19-PM-146x150.jpeg 146w\" sizes=\"auto, (max-width: 443px) 100vw, 443px\" \/><\/a><\/figure>\n\n\n\n<p><strong>Sevilla, 14 de julio de 2022- <\/strong>Desde la delegaci\u00f3n de Sevilla de la Asociaci\u00f3n Pro Derechos Humanos de Andaluc\u00eda (APDHA) volvemos a tachar de&nbsp;\u201c<strong>lamentable y vergonzosa\u201d<\/strong>&nbsp;la actuaci\u00f3n del Ayuntamiento de Sevilla, que deja con unos&nbsp;<strong>servicios m\u00ednimos de atenci\u00f3n social a la poblaci\u00f3n m\u00e1s pobre y vulnerable de nuestra ciudad.<\/strong><\/p>\n\n\n\n<p>Tras la finalizaci\u00f3n del programa <strong>ERACIS<\/strong> (Estrategia Regional Andaluza para la Cohesi\u00f3n e Inclusi\u00f3n Social. Intervenci\u00f3n en Zonas Desfavorecidas)&nbsp;se ha puesto fin a muchos de los contratos de las y los profesionales que trabajaban en los diferentes centros de servicios sociales. Esta situaci\u00f3n ha provocado un \u201c<strong>debilitamiento pronunciado en las plantillas<\/strong> y, en consecuencia, una <strong>desatenci\u00f3n social<\/strong> a las personas que m\u00e1s est\u00e1n sufriendo los efectos de la crisis econ\u00f3mica actual\u201d.<\/p>\n\n\n\n<p>La <strong>brecha digital<\/strong> provocada por la extensi\u00f3n de la atenci\u00f3n v\u00eda web profundiza a\u00fan m\u00e1s las desigualdades con la poblaci\u00f3n poco formada o con escasos medios para la gesti\u00f3n digital. La atenci\u00f3n telef\u00f3nica es igualmente deficiente, con n\u00fameros que no responden o desv\u00edos al 010 sin operatividad pr\u00e1ctica alguna. \u201cLo que ven\u00eda como recurso para enfrentar al COVID se ha instalado de forma permanente, limitando a\u00fan m\u00e1s el acceso a servicios que corresponden por derecho\u201d.<\/p>\n\n\n\n<p><a><\/a>La ciudad de Sevilla tiene un problema end\u00e9mico: contar con los barrios m\u00e1s pobres de todo el Estado espa\u00f1ol. Seg\u00fan los indicadores <a href=\"https:\/\/www.ine.es\/prensa\/ua_2022.pdf\">URBAN Edici\u00f3n 2022<\/a>, de los quince m\u00e1s pobres seis est\u00e1n la capital andaluza. \u201cParece que poco o nada le importa a este Ayuntamiento la relevancia de estos datos, ya que las <strong>medidas<\/strong> desarrolladas hasta ahora han sido <strong>de car\u00e1cter paliativo y cortoplacista<\/strong>, sin calado alguno en la situaci\u00f3n de los barrios\u201d. S\u00f3lo podemos seguir denunciando el colapso provocado por la falta de estabilidad de los y las profesionales en la atenci\u00f3n social de las personas m\u00e1s vulnerables de la ciudad, y la falta de presupuestos sociales acordes con la realidad de nuestros barrios.<\/p>\n\n\n\n<p>Tras tres a\u00f1os de ejecuci\u00f3n del programa ERACIS, volvemos al punto de partida y en peores condiciones. Mientras la demanda de la poblaci\u00f3n en situaci\u00f3n de vulnerabilidad ha aumentado considerablemente, <strong>la inflaci\u00f3n, el desempleo, el precio de la vivienda y la energ\u00eda<\/strong> cuando no la carencia de ellas, no tienen la respuesta urgente y necesaria que permita una vida digna a buena parte<a> <\/a>de nuestros vecinos y vecinas.<\/p>\n\n\n\n<p>Desde la APDHA Sevilla hacemos un llamamiento al Ayuntamiento de Sevilla y a su alcalde, para que resuelva de inmediato la <strong>inaceptable gesti\u00f3n del \u00e1rea social<\/strong> que deja con servicios m\u00ednimos la atenci\u00f3n a las personas m\u00e1s vulnerables, que da por buenas unas pol\u00edticas y unos presupuestos en materia social que dependen en lo sustancial de subvenciones provenientes de fondos europeos, sin la estabilidad y continuidad necesarias.<\/p>\n","protected":false},"excerpt":{"rendered":"<p>Denuncia la falta de planificaci\u00f3n y previsi\u00f3n de la situaci\u00f3n que se iba a producir tras la finalizaci\u00f3n de los contratos del personal, a trav\u00e9s del Programa ERACIS Asegura que Sevilla necesita de unos servicios sociales de calidad, con puestos de estructura estables y presupuestos suficientes, que no dependan de \u2026<\/p>\n<p> <a class=\"continue-reading-link\" href=\"https:\/\/www.apdha.org\/sevilla\/comunicado-apdha-denuncia-falta-de-personal-servicios-sociales\/\">Seguir Leyendo<i class=\"icon-right-dir\"><\/i><\/a><\/p>\n","protected":false},"author":1,"featured_media":2196,"comment_status":"closed","ping_status":"closed","sticky":false,"template":"","format":"standard","meta":{"footnotes":""},"categories":[1],"tags":[],"class_list":["post-2195","post","type-post","status-publish","format-standard","has-post-thumbnail","hentry","category-comunicados"],"_links":{"self":[{"href":"https:\/\/www.apdha.org\/sevilla\/wp-json\/wp\/v2\/posts\/2195","targetHints":{"allow":["GET"]}}],"collection":[{"href":"https:\/\/www.apdha.org\/sevilla\/wp-json\/wp\/v2\/posts"}],"about":[{"href":"https:\/\/www.apdha.org\/sevilla\/wp-json\/wp\/v2\/types\/post"}],"author":[{"embeddable":true,"href":"https:\/\/www.apdha.org\/sevilla\/wp-json\/wp\/v2\/users\/1"}],"replies":[{"embeddable":true,"href":"https:\/\/www.apdha.org\/sevilla\/wp-json\/wp\/v2\/comments?post=2195"}],"version-history":[{"count":2,"href":"https:\/\/www.apdha.org\/sevilla\/wp-json\/wp\/v2\/posts\/2195\/revisions"}],"predecessor-version":[{"id":2198,"href":"https:\/\/www.apdha.org\/sevilla\/wp-json\/wp\/v2\/posts\/2195\/revisions\/2198"}],"wp:featuredmedia":[{"embeddable":true,"href":"https:\/\/www.apdha.org\/sevilla\/wp-json\/wp\/v2\/media\/2196"}],"wp:attachment":[{"href":"https:\/\/www.apdha.org\/sevilla\/wp-json\/wp\/v2\/media?parent=2195"}],"wp:term":[{"taxonomy":"category","embeddable":true,"href":"https:\/\/www.apdha.org\/sevilla\/wp-json\/wp\/v2\/categories?post=2195"},{"taxonomy":"post_tag","embeddable":true,"href":"https:\/\/www.apdha.org\/sevilla\/wp-json\/wp\/v2\/tags?post=2195"}],"curies":[{"name":"wp","href":"https:\/\/api.w.org\/{rel}","templated":true}]}}