{"id":2200,"date":"2022-07-31T10:26:17","date_gmt":"2022-07-31T08:26:17","guid":{"rendered":"https:\/\/www.apdha.org\/sevilla\/?p=2200"},"modified":"2022-07-31T10:26:19","modified_gmt":"2022-07-31T08:26:19","slug":"comunicado-apdha-denuncia-los-cortes-de-luz-vulneran-derechos-basicos","status":"publish","type":"post","link":"https:\/\/www.apdha.org\/sevilla\/comunicado-apdha-denuncia-los-cortes-de-luz-vulneran-derechos-basicos\/","title":{"rendered":"Comunicado| APDHA denuncia que los cortes de luz en los barrios perif\u00e9ricos de Sevilla vulneran derechos b\u00e1sicos"},"content":{"rendered":"\n<ul class=\"wp-block-list\"><li><strong>La electricidad es un servicio vital imprescindible para la vida digna y los cortes suponen una vulneraci\u00f3n constante y sistem\u00e1tica de los derechos humanos<\/strong><\/li><li><strong>Los vecinos y las vecinas de Padre P\u00edo se plantan ante los continuos cortes de luz en el barrio, lo que est\u00e1 provocando graves consecuencias acentuadas por la ola calor<\/strong><\/li><li><strong>La medida de abrir para \u201cvulnerables\u201d dos tardes tres Centros C\u00edvicos de la ciudad no permite la calidad de vida m\u00ednima que demandan las familias sin luz en sus viviendas<\/strong><\/li><\/ul>\n\n\n\n<figure class=\"wp-block-image size-large is-resized\"><a href=\"https:\/\/www.apdha.org\/sevilla\/wp-content\/uploads\/20220731-Cortes-1.jpeg\"><img loading=\"lazy\" decoding=\"async\" src=\"https:\/\/www.apdha.org\/sevilla\/wp-content\/uploads\/20220731-Cortes-1-1024x768.jpeg\" alt=\"\" class=\"wp-image-2201\" width=\"512\" height=\"384\" srcset=\"https:\/\/www.apdha.org\/sevilla\/wp-content\/uploads\/20220731-Cortes-1-1024x768.jpeg 1024w, https:\/\/www.apdha.org\/sevilla\/wp-content\/uploads\/20220731-Cortes-1-300x225.jpeg 300w, https:\/\/www.apdha.org\/sevilla\/wp-content\/uploads\/20220731-Cortes-1-768x576.jpeg 768w, https:\/\/www.apdha.org\/sevilla\/wp-content\/uploads\/20220731-Cortes-1-1536x1152.jpeg 1536w, https:\/\/www.apdha.org\/sevilla\/wp-content\/uploads\/20220731-Cortes-1-150x113.jpeg 150w, https:\/\/www.apdha.org\/sevilla\/wp-content\/uploads\/20220731-Cortes-1.jpeg 1600w\" sizes=\"auto, (max-width: 512px) 100vw, 512px\" \/><\/a><\/figure>\n\n\n\n<p><strong>Sevilla, 31 de julio de 2022-<\/strong> Desde la delegaci\u00f3n de Sevilla de la Asociaci\u00f3n Pro Derechos Humanos de Andaluc\u00eda (APDHA) denunciamos <strong>\u201cla situaci\u00f3n de abandono de los barrios perif\u00e9ricos y obreros de Sevilla y la fragilidad de las anticuadas infraestructuras el\u00e9ctricas\u201d.<\/strong> Llevamos ya a\u00f1os se\u00f1alando las instalaciones obsoletas y deficientes del extrarradio en contraposici\u00f3n a las disponibles en el centro tur\u00edstico de la ciudad o en sus barrios acomodados.<\/p>\n\n\n\n<p>Las numerosas y distintas promesas realizadas hasta ahora desde la administraci\u00f3n p\u00fablica y la propia Endesa anunciando prontas soluciones se han visto reiteradamente incumplidas. Adem\u00e1s, con los a\u00f1os, se ha incrementado notablemente el n\u00famero de aparatos dom\u00e9sticos, lo que ha &nbsp;llevado ahora a la situaci\u00f3n insoportable de continuos y prolongados cortes de suministro en numerosos barrios sevillanos. Las habituales elevadas temperaturas veraniegas no han hecho m\u00e1s que abonar un estallido social.<\/p>\n\n\n\n<p>Numerosas quejas, escritos, concentraciones y manifestaciones -buena parte de ellas por iniciativa de plataformas barriales agrupadas en <strong>Barrios Hartos<\/strong>&#8211; no han logrado sacar de su inmovilismo a quienes tienen las responsabilidades en esa materia. Se ha intentado achacar&nbsp;el problema al aumento de consumo derivado de los enganches ilegales. Desde APDHA entendemos que <strong>\u201cesa no es la causa principal, aunque de serlo tambi\u00e9n ser\u00eda responsabilidad del Estado y de la propia Endesa resolver el problema\u201d.<\/strong> En ning\u00fan caso competencia de vecinos y vecinas, cuya inmensa mayor\u00eda est\u00e1n al corriente del pago de facturas el\u00e9ctricas por servicios que no perciben.<\/p>\n\n\n\n<p>Los cortes de luz est\u00e1n provocando situaciones muy graves como fallecimientos por golpes de calor por falta de refrigeraci\u00f3n, accidentes por falta de funcionamiento de aparatos m\u00e9dicos e innumerables inconvenientes, como el deterioro de los alimentos e imposibilidad de permanencia en viviendas por las temperaturas sofocantes.APDHA considera que<strong>\u201ccarecer de los m\u00ednimos niveles de supervivencia digna, ha llevado a una aceleraci\u00f3n&nbsp;de la contestaci\u00f3n social expresada en la carta presentada al Ayuntamiento de Sevilla por Barrios Hartos y en la protesta realizada en el Pleno del pasado jueves 28 de julio\u201d<\/strong>. A \u00e9stas se suman las <strong>del viernes 29 de julio, en la que un grupo numeroso de vecinos y vecinas, mayoritariamente de la barriada de Padre P\u00edo, deciden ocupar el Centro C\u00edvico de Su Eminencia exigiendo soluciones inmediatas.<\/strong><\/p>\n\n\n\n<p>Entre el vecindario molesta de sobremanera conocer que tiempo despu\u00e9s de producirse la ocupaci\u00f3n y aparentemente para quitar relevancia al hecho, el Ayuntamiento decida abrir tres Centros C\u00edvicos al p\u00fablico seg\u00fan comunica \u201centre las 15 y las 21 horas como alternativa para aquellas personas, normalmente las m\u00e1s vulnerables, que no disponen de medios adecuados en sus hogares para climatizarlos y soportar las altas temperaturas\u201d. Desde APDHA entendemos insuficiente <strong>\u201cuna medida prevista s\u00f3lo para dos d\u00edas, que no cubre las noches. Y que el descontento est\u00e1 causado por los cortes de luz que no distinguen entre familias vulnerables o no\u201d.<\/strong><\/p>\n\n\n\n<p>Pensamos que \u201c<strong>abrir esos centros como \u201crefugios clim\u00e1ticos\u201d es una burda maniobra\u201d <\/strong>que busca esconder al grueso de ciudadan\u00eda la realidad que ya es p\u00fablica en nuestros barrios: familias hartas de no poder contar de forma habitual con un suministro tan b\u00e1sico como la electricidad. Por ahora, como respuesta, los vecinos y vecinas han decidido extender la ocupaci\u00f3n durante las pasadas noches del 29 y 30 de julio. Adem\u00e1s, est\u00e1 cundiendo como ejemplo en otros barrios de Sevilla y otras provincias con problemas parecidos.<\/p>\n\n\n\n<p><strong>La electricidad es un servicio vital imprescindible para la vida digna y los cortes suponen una vulneraci\u00f3n constante y sistem\u00e1tica de los derechos humanos. <\/strong>Si Endesa no es capaz de resolver de forma inmediata el problema, entendemos que<strong> \u201c\u00e9ste pasa a ser responsabilidad de la administraci\u00f3n p\u00fablica que deber\u00e1 de tomar riendas en el asunto<\/strong><strong> <\/strong><strong>haci\u00e9ndose cargo de la gesti\u00f3n de la distribuci\u00f3n de energ\u00eda el\u00e9ctrica expropiando<\/strong><strong> <\/strong><strong>esa&nbsp;filial de Endesa o aplicando alguna medida similar\u201d.<\/strong><strong><\/strong><\/p>\n\n\n\n<p>Desde la APDHA poco esperamos de las el\u00e9ctricas visto que su \u00fanico inter\u00e9s es maximizar beneficios por encima de las necesidades sociales. Por ello las miradas giran cada vez m\u00e1s hacia el Ayuntamiento de Sevilla y a la Junta de Andaluc\u00eda. A la ciudadan\u00eda las palabras ya no le sirven y el tiempo apremia. Las vidas de nuestros barrios obreros tambi\u00e9n importan.<\/p>\n\n\n\n<figure class=\"wp-block-image size-large is-resized\"><a href=\"https:\/\/www.apdha.org\/sevilla\/wp-content\/uploads\/20220731-Cortes-2.jpeg\"><img loading=\"lazy\" decoding=\"async\" src=\"https:\/\/www.apdha.org\/sevilla\/wp-content\/uploads\/20220731-Cortes-2-1024x768.jpeg\" alt=\"\" class=\"wp-image-2202\" width=\"512\" height=\"384\" srcset=\"https:\/\/www.apdha.org\/sevilla\/wp-content\/uploads\/20220731-Cortes-2-1024x768.jpeg 1024w, https:\/\/www.apdha.org\/sevilla\/wp-content\/uploads\/20220731-Cortes-2-300x225.jpeg 300w, https:\/\/www.apdha.org\/sevilla\/wp-content\/uploads\/20220731-Cortes-2-768x576.jpeg 768w, https:\/\/www.apdha.org\/sevilla\/wp-content\/uploads\/20220731-Cortes-2-1536x1152.jpeg 1536w, https:\/\/www.apdha.org\/sevilla\/wp-content\/uploads\/20220731-Cortes-2-150x113.jpeg 150w, https:\/\/www.apdha.org\/sevilla\/wp-content\/uploads\/20220731-Cortes-2.jpeg 1600w\" sizes=\"auto, (max-width: 512px) 100vw, 512px\" \/><\/a><\/figure>\n","protected":false},"excerpt":{"rendered":"<p>La electricidad es un servicio vital imprescindible para la vida digna y los cortes suponen una vulneraci\u00f3n constante y sistem\u00e1tica de los derechos humanos Los vecinos y las vecinas de Padre P\u00edo se plantan ante los continuos cortes de luz en el barrio, lo que est\u00e1 provocando graves consecuencias acentuadas \u2026<\/p>\n<p> <a class=\"continue-reading-link\" href=\"https:\/\/www.apdha.org\/sevilla\/comunicado-apdha-denuncia-los-cortes-de-luz-vulneran-derechos-basicos\/\">Seguir Leyendo<i class=\"icon-right-dir\"><\/i><\/a><\/p>\n","protected":false},"author":1,"featured_media":2201,"comment_status":"closed","ping_status":"closed","sticky":false,"template":"","format":"standard","meta":{"footnotes":""},"categories":[1],"tags":[168,223,252,15],"class_list":["post-2200","post","type-post","status-publish","format-standard","has-post-thumbnail","hentry","category-comunicados","tag-barrios-hartos","tag-cortes-de-luz","tag-endesa","tag-marginacion"],"_links":{"self":[{"href":"https:\/\/www.apdha.org\/sevilla\/wp-json\/wp\/v2\/posts\/2200","targetHints":{"allow":["GET"]}}],"collection":[{"href":"https:\/\/www.apdha.org\/sevilla\/wp-json\/wp\/v2\/posts"}],"about":[{"href":"https:\/\/www.apdha.org\/sevilla\/wp-json\/wp\/v2\/types\/post"}],"author":[{"embeddable":true,"href":"https:\/\/www.apdha.org\/sevilla\/wp-json\/wp\/v2\/users\/1"}],"replies":[{"embeddable":true,"href":"https:\/\/www.apdha.org\/sevilla\/wp-json\/wp\/v2\/comments?post=2200"}],"version-history":[{"count":2,"href":"https:\/\/www.apdha.org\/sevilla\/wp-json\/wp\/v2\/posts\/2200\/revisions"}],"predecessor-version":[{"id":2204,"href":"https:\/\/www.apdha.org\/sevilla\/wp-json\/wp\/v2\/posts\/2200\/revisions\/2204"}],"wp:featuredmedia":[{"embeddable":true,"href":"https:\/\/www.apdha.org\/sevilla\/wp-json\/wp\/v2\/media\/2201"}],"wp:attachment":[{"href":"https:\/\/www.apdha.org\/sevilla\/wp-json\/wp\/v2\/media?parent=2200"}],"wp:term":[{"taxonomy":"category","embeddable":true,"href":"https:\/\/www.apdha.org\/sevilla\/wp-json\/wp\/v2\/categories?post=2200"},{"taxonomy":"post_tag","embeddable":true,"href":"https:\/\/www.apdha.org\/sevilla\/wp-json\/wp\/v2\/tags?post=2200"}],"curies":[{"name":"wp","href":"https:\/\/api.w.org\/{rel}","templated":true}]}}