{"id":254,"date":"2015-05-05T12:44:15","date_gmt":"2015-05-05T12:44:15","guid":{"rendered":"http:\/\/www.apdha.org\/sevilla\/?p=254"},"modified":"2015-05-07T12:25:10","modified_gmt":"2015-05-07T12:25:10","slug":"asamblea-familiares-y-amigosas-de-personas-presas","status":"publish","type":"post","link":"https:\/\/www.apdha.org\/sevilla\/asamblea-familiares-y-amigosas-de-personas-presas\/","title":{"rendered":"Asamblea familiares y amigos\/as de personas presas"},"content":{"rendered":"<p><a href=\"http:\/\/www.apdha.org\/sevilla\/wp-content\/uploads\/cartel-familiares-copia.jpg\"><img loading=\"lazy\" decoding=\"async\" class=\"alignleft  wp-image-249\" alt=\"cartel familiares copia\" src=\"http:\/\/www.apdha.org\/sevilla\/wp-content\/uploads\/cartel-familiares-copia.jpg\" width=\"274\" height=\"388\" srcset=\"https:\/\/www.apdha.org\/sevilla\/wp-content\/uploads\/cartel-familiares-copia.jpg 595w, https:\/\/www.apdha.org\/sevilla\/wp-content\/uploads\/cartel-familiares-copia-211x300.jpg 211w, https:\/\/www.apdha.org\/sevilla\/wp-content\/uploads\/cartel-familiares-copia-105x150.jpg 105w\" sizes=\"auto, (max-width: 274px) 100vw, 274px\" \/><\/a>Fecha: Miercoles, 6 de mayo de 2015 Hora: 18:00 horas<br \/>\nLugar: Sede APDHA Sevilla, C\/Blanco White 5.<\/p>\n<p>El pr\u00f3ximo 6 de mayo\u00a0 celebraremos en nuestra sede (c\/Blanco White 5) una nueva Asamblea de Familiares y Amigos\/as de Personas Presas. Para este encuentro tendremos la suerte de contar con Miguel Rodr\u00edguez, voluntario del \u00e1rea de c\u00e1rceles, que nos ofrecer\u00e1 un Taller de din\u00e1mica de grupo enfocado desde la educacion y el trabajo social . Pasaremos seguro un rato fant\u00e1stico \u00a1No puedes faltar!<\/p>\n<p>Adem\u00e1s, como es habitual, un abogado de la Asociaci\u00f3n atender\u00e1 a los familiares que necesiten\u00a0 alguna orientaci\u00f3n. Si lo necesitas, ll\u00e1manos para poder organizar la cita a trav\u00e9s de nuestros medios de contacto habituales (Tel\u00e9fono: 954 53 79 65 y email: sevilla@apdha.org<\/p>\n<p>\u00a1\u00a1\u00a1\u00a1 TE ANIMAMOS A PARTICIPAR!!!!<\/p>\n<p>&nbsp;<\/p>\n<p><strong><span style=\"color: #47b891;\">FOTOS ASAMBLEA FAMILIARES Y AMIGOS\/AS DE PERSONAS PRESAS<\/span><\/strong><\/p>\n<p>Ayer d\u00eda 6 de mayo compartimos otra agradable Asamblea en la que los familiares pudieron expresar sus sentimientos e informarse de todas las novedades que hay en materia penitenciaria.<\/p>\n\n\t\t<style type=\"text\/css\">\n\t\t\t#gallery-1 {\n\t\t\t\tmargin: auto;\n\t\t\t}\n\t\t\t#gallery-1 .gallery-item {\n\t\t\t\tfloat: left;\n\t\t\t\tmargin-top: 10px;\n\t\t\t\ttext-align: center;\n\t\t\t\twidth: 33%;\n\t\t\t}\n\t\t\t#gallery-1 img {\n\t\t\t\tborder: 2px solid #cfcfcf;\n\t\t\t}\n\t\t\t#gallery-1 .gallery-caption {\n\t\t\t\tmargin-left: 0;\n\t\t\t}\n\t\t\t\/* see gallery_shortcode() in wp-includes\/media.php *\/\n\t\t<\/style>\n\t\t<div id='gallery-1' class='gallery galleryid-254 gallery-columns-3 gallery-size-thumbnail'><dl class='gallery-item'>\n\t\t\t<dt class='gallery-icon landscape'>\n\t\t\t\t<a href='https:\/\/www.apdha.org\/sevilla\/asamblea-familiares-y-amigosas-de-personas-presas\/fotos-asamblea\/'><img loading=\"lazy\" decoding=\"async\" width=\"150\" height=\"150\" src=\"https:\/\/www.apdha.org\/sevilla\/wp-content\/uploads\/fotos-asamblea-150x150.jpg\" class=\"attachment-thumbnail size-thumbnail\" alt=\"\" \/><\/a>\n\t\t\t<\/dt><\/dl><dl class='gallery-item'>\n\t\t\t<dt class='gallery-icon landscape'>\n\t\t\t\t<a href='https:\/\/www.apdha.org\/sevilla\/asamblea-familiares-y-amigosas-de-personas-presas\/20150506_185002\/'><img loading=\"lazy\" decoding=\"async\" width=\"150\" height=\"150\" src=\"https:\/\/www.apdha.org\/sevilla\/wp-content\/uploads\/20150506_185002-150x150.jpg\" class=\"attachment-thumbnail size-thumbnail\" alt=\"\" \/><\/a>\n\t\t\t<\/dt><\/dl><dl class='gallery-item'>\n\t\t\t<dt class='gallery-icon landscape'>\n\t\t\t\t<a href='https:\/\/www.apdha.org\/sevilla\/asamblea-familiares-y-amigosas-de-personas-presas\/20150506_184943\/'><img loading=\"lazy\" decoding=\"async\" width=\"150\" height=\"150\" src=\"https:\/\/www.apdha.org\/sevilla\/wp-content\/uploads\/20150506_184943-150x150.jpg\" class=\"attachment-thumbnail size-thumbnail\" alt=\"\" \/><\/a>\n\t\t\t<\/dt><\/dl><br style=\"clear: both\" \/><dl class='gallery-item'>\n\t\t\t<dt class='gallery-icon landscape'>\n\t\t\t\t<a href='https:\/\/www.apdha.org\/sevilla\/asamblea-familiares-y-amigosas-de-personas-presas\/20150506_184950\/'><img loading=\"lazy\" decoding=\"async\" width=\"150\" height=\"150\" src=\"https:\/\/www.apdha.org\/sevilla\/wp-content\/uploads\/20150506_184950-150x150.jpg\" class=\"attachment-thumbnail size-thumbnail\" alt=\"\" \/><\/a>\n\t\t\t<\/dt><\/dl><dl class='gallery-item'>\n\t\t\t<dt class='gallery-icon landscape'>\n\t\t\t\t<a href='https:\/\/www.apdha.org\/sevilla\/asamblea-familiares-y-amigosas-de-personas-presas\/img-20150506-wa0022\/'><img loading=\"lazy\" decoding=\"async\" width=\"150\" height=\"150\" src=\"https:\/\/www.apdha.org\/sevilla\/wp-content\/uploads\/IMG-20150506-WA0022-150x150.jpg\" class=\"attachment-thumbnail size-thumbnail\" alt=\"\" \/><\/a>\n\t\t\t<\/dt><\/dl>\n\t\t\t<br style='clear: both' \/>\n\t\t<\/div>\n\n","protected":false},"excerpt":{"rendered":"<p>Fecha: Miercoles, 6 de mayo de 2015 Hora: 18:00 horas Lugar: Sede APDHA Sevilla, C\/Blanco White 5. El pr\u00f3ximo 6 de mayo\u00a0 celebraremos en nuestra sede (c\/Blanco White 5) una nueva Asamblea de Familiares y Amigos\/as de Personas Presas. Para este encuentro tendremos la suerte de contar con Miguel Rodr\u00edguez, \u2026<\/p>\n<p> <a class=\"continue-reading-link\" href=\"https:\/\/www.apdha.org\/sevilla\/asamblea-familiares-y-amigosas-de-personas-presas\/\">Seguir Leyendo<i class=\"icon-right-dir\"><\/i><\/a><\/p>\n","protected":false},"author":1,"featured_media":249,"comment_status":"closed","ping_status":"open","sticky":false,"template":"","format":"standard","meta":{"footnotes":""},"categories":[3],"tags":[33,10,11],"class_list":["post-254","post","type-post","status-publish","format-standard","has-post-thumbnail","hentry","category-actividades","tag-apdhasevilla","tag-carceles","tag-familiares"],"_links":{"self":[{"href":"https:\/\/www.apdha.org\/sevilla\/wp-json\/wp\/v2\/posts\/254","targetHints":{"allow":["GET"]}}],"collection":[{"href":"https:\/\/www.apdha.org\/sevilla\/wp-json\/wp\/v2\/posts"}],"about":[{"href":"https:\/\/www.apdha.org\/sevilla\/wp-json\/wp\/v2\/types\/post"}],"author":[{"embeddable":true,"href":"https:\/\/www.apdha.org\/sevilla\/wp-json\/wp\/v2\/users\/1"}],"replies":[{"embeddable":true,"href":"https:\/\/www.apdha.org\/sevilla\/wp-json\/wp\/v2\/comments?post=254"}],"version-history":[{"count":6,"href":"https:\/\/www.apdha.org\/sevilla\/wp-json\/wp\/v2\/posts\/254\/revisions"}],"predecessor-version":[{"id":268,"href":"https:\/\/www.apdha.org\/sevilla\/wp-json\/wp\/v2\/posts\/254\/revisions\/268"}],"wp:featuredmedia":[{"embeddable":true,"href":"https:\/\/www.apdha.org\/sevilla\/wp-json\/wp\/v2\/media\/249"}],"wp:attachment":[{"href":"https:\/\/www.apdha.org\/sevilla\/wp-json\/wp\/v2\/media?parent=254"}],"wp:term":[{"taxonomy":"category","embeddable":true,"href":"https:\/\/www.apdha.org\/sevilla\/wp-json\/wp\/v2\/categories?post=254"},{"taxonomy":"post_tag","embeddable":true,"href":"https:\/\/www.apdha.org\/sevilla\/wp-json\/wp\/v2\/tags?post=254"}],"curies":[{"name":"wp","href":"https:\/\/api.w.org\/{rel}","templated":true}]}}