{"id":2642,"date":"2024-02-08T13:24:26","date_gmt":"2024-02-08T11:24:26","guid":{"rendered":"https:\/\/www.apdha.org\/sevilla\/?p=2642"},"modified":"2024-02-09T11:50:20","modified_gmt":"2024-02-09T09:50:20","slug":"sesion-formativa-y-de-acogida-para-nuevo-voluntariado-grupo-de-carceles","status":"publish","type":"post","link":"https:\/\/www.apdha.org\/sevilla\/sesion-formativa-y-de-acogida-para-nuevo-voluntariado-grupo-de-carceles\/","title":{"rendered":"Sesi\u00f3n formativa y de acogida para nuevo voluntariado. Grupo de c\u00e1rceles"},"content":{"rendered":"\n<p>&#x1f4c5; Martes, 5 de marzo de 2024<\/p>\n\n\n\n<p>&#x23f0;18:30h<\/p>\n\n\n\n<p>&#x1f4cd;Sede APDHA C\/Blanco White, 5 Local<\/p>\n\n\n\n<figure class=\"wp-block-image size-large\"><a href=\"https:\/\/www.apdha.org\/sevilla\/wp-content\/uploads\/20240305-CARCELES-SEVILLA.jpg\"><img loading=\"lazy\" decoding=\"async\" width=\"1024\" height=\"1024\" src=\"https:\/\/www.apdha.org\/sevilla\/wp-content\/uploads\/20240305-CARCELES-SEVILLA-1024x1024.jpg\" alt=\"\" class=\"wp-image-2662\" srcset=\"https:\/\/www.apdha.org\/sevilla\/wp-content\/uploads\/20240305-CARCELES-SEVILLA-1024x1024.jpg 1024w, https:\/\/www.apdha.org\/sevilla\/wp-content\/uploads\/20240305-CARCELES-SEVILLA-300x300.jpg 300w, https:\/\/www.apdha.org\/sevilla\/wp-content\/uploads\/20240305-CARCELES-SEVILLA-150x150.jpg 150w, https:\/\/www.apdha.org\/sevilla\/wp-content\/uploads\/20240305-CARCELES-SEVILLA-768x768.jpg 768w, https:\/\/www.apdha.org\/sevilla\/wp-content\/uploads\/20240305-CARCELES-SEVILLA.jpg 1280w\" sizes=\"auto, (max-width: 1024px) 100vw, 1024px\" \/><\/a><\/figure>\n\n\n\n<p>El grupo de c\u00e1rceles de la delegaci\u00f3n de Sevilla de la Asociaci\u00f3n Pro Derechos Humanos de Andaluc\u00eda, organiza una sesi\u00f3n formativa y de acogida para personas con ganas de defender los Derechos Humanos e incorporarse a nuestro grupo de c\u00e1rceles el pr\u00f3ximo martes, 5 de marzo a las 18.30h.<\/p>\n\n\n\n<p>El objetivo de esta sesi\u00f3n es dar a conocer el trabajo que realizamos como asociaci\u00f3n, nuestras l\u00edneas de trabajo y objetivos, especialmente del \u00e1rea de c\u00e1rceles para visibilizar la situaci\u00f3n de las personas presas y sus familiares.<\/p>\n\n\n\n<p>Trataremos conceptos b\u00e1sicos y sencillos de nuestras campa\u00f1as: sanidad, trabajo y transporte en prisi\u00f3n, PPR, malos tratos y tortura, enfermedad mental, situaci\u00f3n de las mujeres en prisi\u00f3n, etc. Te daremos la acogida que te mereces para que no te queden dudas de unirte a nuestro grupo.<\/p>\n\n\n\n<p><strong>\u00a1AN\u00cdMATE A PARTICIPAR!<\/strong><\/p>\n","protected":false},"excerpt":{"rendered":"<p>&#x1f4c5; Martes, 5 de marzo de 2024 &#x23f0;18:30h &#x1f4cd;Sede APDHA C\/Blanco White, 5 Local El grupo de c\u00e1rceles de la delegaci\u00f3n de Sevilla de la Asociaci\u00f3n Pro Derechos Humanos de Andaluc\u00eda, organiza una sesi\u00f3n formativa y de acogida para personas con ganas de defender los Derechos Humanos e incorporarse a \u2026<\/p>\n<p> <a class=\"continue-reading-link\" href=\"https:\/\/www.apdha.org\/sevilla\/sesion-formativa-y-de-acogida-para-nuevo-voluntariado-grupo-de-carceles\/\">Seguir Leyendo<i class=\"icon-right-dir\"><\/i><\/a><\/p>\n","protected":false},"author":1,"featured_media":2662,"comment_status":"closed","ping_status":"closed","sticky":false,"template":"","format":"standard","meta":{"footnotes":""},"categories":[3],"tags":[10,106],"class_list":["post-2642","post","type-post","status-publish","format-standard","has-post-thumbnail","hentry","category-actividades","tag-carceles","tag-voluntariado"],"_links":{"self":[{"href":"https:\/\/www.apdha.org\/sevilla\/wp-json\/wp\/v2\/posts\/2642","targetHints":{"allow":["GET"]}}],"collection":[{"href":"https:\/\/www.apdha.org\/sevilla\/wp-json\/wp\/v2\/posts"}],"about":[{"href":"https:\/\/www.apdha.org\/sevilla\/wp-json\/wp\/v2\/types\/post"}],"author":[{"embeddable":true,"href":"https:\/\/www.apdha.org\/sevilla\/wp-json\/wp\/v2\/users\/1"}],"replies":[{"embeddable":true,"href":"https:\/\/www.apdha.org\/sevilla\/wp-json\/wp\/v2\/comments?post=2642"}],"version-history":[{"count":3,"href":"https:\/\/www.apdha.org\/sevilla\/wp-json\/wp\/v2\/posts\/2642\/revisions"}],"predecessor-version":[{"id":2664,"href":"https:\/\/www.apdha.org\/sevilla\/wp-json\/wp\/v2\/posts\/2642\/revisions\/2664"}],"wp:featuredmedia":[{"embeddable":true,"href":"https:\/\/www.apdha.org\/sevilla\/wp-json\/wp\/v2\/media\/2662"}],"wp:attachment":[{"href":"https:\/\/www.apdha.org\/sevilla\/wp-json\/wp\/v2\/media?parent=2642"}],"wp:term":[{"taxonomy":"category","embeddable":true,"href":"https:\/\/www.apdha.org\/sevilla\/wp-json\/wp\/v2\/categories?post=2642"},{"taxonomy":"post_tag","embeddable":true,"href":"https:\/\/www.apdha.org\/sevilla\/wp-json\/wp\/v2\/tags?post=2642"}],"curies":[{"name":"wp","href":"https:\/\/api.w.org\/{rel}","templated":true}]}}