{"id":2670,"date":"2024-03-13T14:16:14","date_gmt":"2024-03-13T12:16:14","guid":{"rendered":"https:\/\/www.apdha.org\/sevilla\/?p=2670"},"modified":"2025-06-25T13:35:26","modified_gmt":"2025-06-25T11:35:26","slug":"conversatorio-pacto-europeo-de-migracion-y-asilo","status":"publish","type":"post","link":"https:\/\/www.apdha.org\/sevilla\/conversatorio-pacto-europeo-de-migracion-y-asilo\/","title":{"rendered":"Conversatorio &#8220;Pacto Europeo de Migraci\u00f3n y Asilo&#8221;"},"content":{"rendered":"\n<p><img loading=\"lazy\" decoding=\"async\" height=\"16\" width=\"16\" src=\"https:\/\/static.xx.fbcdn.net\/images\/emoji.php\/v9\/te\/1\/16\/1f449_1f3fd.png\" alt=\"&#x1f449;&#x1f3fd;\">Desde APDHA SEVILLA os invitamos a conversar con Emma Mart\u00edn, catedr\u00e1tica jubilada de antropolog\u00eda social, sobre c\u00f3mo el nuevo Pacto Europeo de Migraci\u00f3n y Asilo vulnera derechos fundamentales.<\/p>\n\n\n\n<p><img loading=\"lazy\" decoding=\"async\" height=\"16\" width=\"16\" alt=\"&#x270a;&#x1f3fd;\" src=\"https:\/\/static.xx.fbcdn.net\/images\/emoji.php\/v9\/t9c\/1\/16\/270a_1f3fd.png\">Migrar es un derecho fundamental<\/p>\n\n\n\n<p>Cualquier persona tiene derecho a la protecci\u00f3n internacional.<\/p>\n\n\n\n<p><img loading=\"lazy\" decoding=\"async\" height=\"16\" width=\"16\" alt=\"&#x1f4c6;\" src=\"https:\/\/static.xx.fbcdn.net\/images\/emoji.php\/v9\/tff\/1\/16\/1f4c6.png\"><a><\/a>Jueves 14 de marzo de 2024<\/p>\n\n\n\n<p><img loading=\"lazy\" decoding=\"async\" height=\"16\" width=\"16\" alt=\"&#x23f0;\" src=\"https:\/\/static.xx.fbcdn.net\/images\/emoji.php\/v9\/t34\/1\/16\/23f0.png\"> 19:00h<\/p>\n\n\n\n<p><img loading=\"lazy\" decoding=\"async\" height=\"16\" width=\"16\" src=\"https:\/\/static.xx.fbcdn.net\/images\/emoji.php\/v9\/t2d\/1\/16\/1f4cd.png\" alt=\"&#x1f4cd;\">sede APDHA, c\/ Blanco White 5 , Sevilla.<\/p>\n\n\n\n<figure class=\"wp-block-image size-full\"><a href=\"https:\/\/www.quehacerentenerife.org\/wp-content\/uploads\/2021\/09\/Acantilados-de-San-Juan-de-La-Rambla-1024x576.bk.jpg\"><img loading=\"lazy\" decoding=\"async\" width=\"595\" height=\"842\" src=\"https:\/\/www.apdha.org\/sevilla\/wp-content\/uploads\/20240314-PACTO-EUROPEO.png\" alt=\"\" class=\"wp-image-2671\" srcset=\"https:\/\/www.apdha.org\/sevilla\/wp-content\/uploads\/20240314-PACTO-EUROPEO.png 595w, https:\/\/www.apdha.org\/sevilla\/wp-content\/uploads\/20240314-PACTO-EUROPEO-212x300.png 212w, https:\/\/www.apdha.org\/sevilla\/wp-content\/uploads\/20240314-PACTO-EUROPEO-106x150.png 106w\" sizes=\"auto, (max-width: 595px) 100vw, 595px\" \/><\/a><\/figure>\n","protected":false},"excerpt":{"rendered":"<p>Desde APDHA SEVILLA os invitamos a conversar con Emma Mart\u00edn, catedr\u00e1tica jubilada de antropolog\u00eda social, sobre c\u00f3mo el nuevo Pacto Europeo de Migraci\u00f3n y Asilo vulnera derechos fundamentales. Migrar es un derecho fundamental Cualquier persona tiene derecho a la protecci\u00f3n internacional. Jueves 14 de marzo de 2024 19:00h sede APDHA, \u2026<\/p>\n<p> <a class=\"continue-reading-link\" href=\"https:\/\/www.apdha.org\/sevilla\/conversatorio-pacto-europeo-de-migracion-y-asilo\/\">Seguir Leyendo<i class=\"icon-right-dir\"><\/i><\/a><\/p>\n","protected":false},"author":1,"featured_media":2671,"comment_status":"closed","ping_status":"closed","sticky":false,"template":"","format":"standard","meta":{"footnotes":""},"categories":[3],"tags":[136,259],"class_list":["post-2670","post","type-post","status-publish","format-standard","has-post-thumbnail","hentry","category-actividades","tag-migraciones","tag-pacto-europeo"],"_links":{"self":[{"href":"https:\/\/www.apdha.org\/sevilla\/wp-json\/wp\/v2\/posts\/2670","targetHints":{"allow":["GET"]}}],"collection":[{"href":"https:\/\/www.apdha.org\/sevilla\/wp-json\/wp\/v2\/posts"}],"about":[{"href":"https:\/\/www.apdha.org\/sevilla\/wp-json\/wp\/v2\/types\/post"}],"author":[{"embeddable":true,"href":"https:\/\/www.apdha.org\/sevilla\/wp-json\/wp\/v2\/users\/1"}],"replies":[{"embeddable":true,"href":"https:\/\/www.apdha.org\/sevilla\/wp-json\/wp\/v2\/comments?post=2670"}],"version-history":[{"count":2,"href":"https:\/\/www.apdha.org\/sevilla\/wp-json\/wp\/v2\/posts\/2670\/revisions"}],"predecessor-version":[{"id":2820,"href":"https:\/\/www.apdha.org\/sevilla\/wp-json\/wp\/v2\/posts\/2670\/revisions\/2820"}],"wp:featuredmedia":[{"embeddable":true,"href":"https:\/\/www.apdha.org\/sevilla\/wp-json\/wp\/v2\/media\/2671"}],"wp:attachment":[{"href":"https:\/\/www.apdha.org\/sevilla\/wp-json\/wp\/v2\/media?parent=2670"}],"wp:term":[{"taxonomy":"category","embeddable":true,"href":"https:\/\/www.apdha.org\/sevilla\/wp-json\/wp\/v2\/categories?post=2670"},{"taxonomy":"post_tag","embeddable":true,"href":"https:\/\/www.apdha.org\/sevilla\/wp-json\/wp\/v2\/tags?post=2670"}],"curies":[{"name":"wp","href":"https:\/\/api.w.org\/{rel}","templated":true}]}}