{"id":2673,"date":"2024-03-15T15:31:03","date_gmt":"2024-03-15T13:31:03","guid":{"rendered":"https:\/\/www.apdha.org\/sevilla\/?p=2673"},"modified":"2024-03-15T15:31:04","modified_gmt":"2024-03-15T13:31:04","slug":"concentracion-21-de-marzo-dia-internacional-de-la-eliminacion-de-la-discriminacion-racial","status":"publish","type":"post","link":"https:\/\/www.apdha.org\/sevilla\/concentracion-21-de-marzo-dia-internacional-de-la-eliminacion-de-la-discriminacion-racial\/","title":{"rendered":"Concentraci\u00f3n 21 de marzo &#8216;D\u00eda Internacional de la Eliminaci\u00f3n de la Discriminaci\u00f3n Racial&#8217;"},"content":{"rendered":"\n<p>&#x270a;&#x1f3ff;&#x270a;&#x1f3fe;&#x270a;&#x1f3fd;&#x270a;&#x1f3fc;&#x270a;&#x1f3fb;El pr\u00f3ximo d\u00eda 21 de marzo se celebra el D\u00eda Internacional de la Eliminaci\u00f3n de la Discriminaci\u00f3n Racial. A pesar de la resistencia a reconocer las pol\u00edticas de racismo estructural, en la vida cotidiana de las personas migrantes, esas pol\u00edticas les anulan derechos y dan privilegios de unas personas sobre otras y eso ES RACISMO.<br>Por eso, te invitamos a la concentraci\u00f3n del pr\u00f3ximo domingo 17 de marzo, para hacer p\u00fablico nuestro rechazo a estas pol\u00edticas y nuestro apoyo a nuevas formas de construir ciudadan\u00eda.<\/p>\n\n\n\n<p><strong>Concentraci\u00f3n por el D\u00eda de la Eliminaci\u00f3n de la Discriminaci\u00f3n Racial.<\/strong><\/p>\n\n\n\n<p>Organiza: La Plataforma Somos Migrantes (de la que formamos parte).<\/p>\n\n\n\n<p>Colabora: Batucada Aljarafe.<\/p>\n\n\n\n<p>&#x1f4c6; Domingo, 17 de marzo de 2024<br>&#x23f0;&#xfe0f; 12:00h<br>&#x1f4cd; Plaza Dr. Pedro Vallida, Sevilla<\/p>\n\n\n\n<figure class=\"wp-block-image size-large\"><a href=\"https:\/\/www.apdha.org\/sevilla\/wp-content\/uploads\/21M-sevilla-2024.jpg\"><img loading=\"lazy\" decoding=\"async\" width=\"819\" height=\"1024\" src=\"https:\/\/www.apdha.org\/sevilla\/wp-content\/uploads\/21M-sevilla-2024-819x1024.jpg\" alt=\"\" class=\"wp-image-2674\" srcset=\"https:\/\/www.apdha.org\/sevilla\/wp-content\/uploads\/21M-sevilla-2024-819x1024.jpg 819w, https:\/\/www.apdha.org\/sevilla\/wp-content\/uploads\/21M-sevilla-2024-240x300.jpg 240w, https:\/\/www.apdha.org\/sevilla\/wp-content\/uploads\/21M-sevilla-2024-768x960.jpg 768w, https:\/\/www.apdha.org\/sevilla\/wp-content\/uploads\/21M-sevilla-2024-120x150.jpg 120w, https:\/\/www.apdha.org\/sevilla\/wp-content\/uploads\/21M-sevilla-2024.jpg 1024w\" sizes=\"auto, (max-width: 819px) 100vw, 819px\" \/><\/a><\/figure>\n","protected":false},"excerpt":{"rendered":"<p>&#x270a;&#x1f3ff;&#x270a;&#x1f3fe;&#x270a;&#x1f3fd;&#x270a;&#x1f3fc;&#x270a;&#x1f3fb;El pr\u00f3ximo d\u00eda 21 de marzo se celebra el D\u00eda Internacional de la Eliminaci\u00f3n de la Discriminaci\u00f3n Racial. A pesar de la resistencia a reconocer las pol\u00edticas de racismo estructural, en la vida cotidiana de las personas migrantes, esas pol\u00edticas les anulan derechos y dan privilegios de unas personas sobre \u2026<\/p>\n<p> <a class=\"continue-reading-link\" href=\"https:\/\/www.apdha.org\/sevilla\/concentracion-21-de-marzo-dia-internacional-de-la-eliminacion-de-la-discriminacion-racial\/\">Seguir Leyendo<i class=\"icon-right-dir\"><\/i><\/a><\/p>\n","protected":false},"author":1,"featured_media":2674,"comment_status":"closed","ping_status":"closed","sticky":false,"template":"","format":"standard","meta":{"footnotes":""},"categories":[3],"tags":[260,261,136],"class_list":["post-2673","post","type-post","status-publish","format-standard","has-post-thumbnail","hentry","category-actividades","tag-21m","tag-dia-contra-el-racismo","tag-migraciones"],"_links":{"self":[{"href":"https:\/\/www.apdha.org\/sevilla\/wp-json\/wp\/v2\/posts\/2673","targetHints":{"allow":["GET"]}}],"collection":[{"href":"https:\/\/www.apdha.org\/sevilla\/wp-json\/wp\/v2\/posts"}],"about":[{"href":"https:\/\/www.apdha.org\/sevilla\/wp-json\/wp\/v2\/types\/post"}],"author":[{"embeddable":true,"href":"https:\/\/www.apdha.org\/sevilla\/wp-json\/wp\/v2\/users\/1"}],"replies":[{"embeddable":true,"href":"https:\/\/www.apdha.org\/sevilla\/wp-json\/wp\/v2\/comments?post=2673"}],"version-history":[{"count":1,"href":"https:\/\/www.apdha.org\/sevilla\/wp-json\/wp\/v2\/posts\/2673\/revisions"}],"predecessor-version":[{"id":2675,"href":"https:\/\/www.apdha.org\/sevilla\/wp-json\/wp\/v2\/posts\/2673\/revisions\/2675"}],"wp:featuredmedia":[{"embeddable":true,"href":"https:\/\/www.apdha.org\/sevilla\/wp-json\/wp\/v2\/media\/2674"}],"wp:attachment":[{"href":"https:\/\/www.apdha.org\/sevilla\/wp-json\/wp\/v2\/media?parent=2673"}],"wp:term":[{"taxonomy":"category","embeddable":true,"href":"https:\/\/www.apdha.org\/sevilla\/wp-json\/wp\/v2\/categories?post=2673"},{"taxonomy":"post_tag","embeddable":true,"href":"https:\/\/www.apdha.org\/sevilla\/wp-json\/wp\/v2\/tags?post=2673"}],"curies":[{"name":"wp","href":"https:\/\/api.w.org\/{rel}","templated":true}]}}