{"id":269,"date":"2015-05-07T20:36:13","date_gmt":"2015-05-07T20:36:13","guid":{"rendered":"http:\/\/www.apdha.org\/sevilla\/?p=269"},"modified":"2015-05-08T09:57:46","modified_gmt":"2015-05-08T09:57:46","slug":"concentracion-vivienda-por-derecho-jueves-14-de-mayo-a-las-2000-horas-plaza-nueva","status":"publish","type":"post","link":"https:\/\/www.apdha.org\/sevilla\/concentracion-vivienda-por-derecho-jueves-14-de-mayo-a-las-2000-horas-plaza-nueva\/","title":{"rendered":"CONCENTRACI\u00d3N: \u201cVIVIENDA POR DERECHO\u201d. Jueves, 14 de mayo a las 20:00 horas. (Plaza Nueva)"},"content":{"rendered":"<p>CONCENTRACI\u00d3N: \u201cVIVIENDA POR DERECHO\u201d<\/p>\n<p>Fecha: Jueves, 14 de mayo a las 20:00 horas.<\/p>\n<p>Lugar: Ayuntamiento de Sevilla (Plaza Nueva)<\/p>\n<p style=\"text-align: justify;\">Desde la Delegaci\u00f3n en Sevilla de la Asociaci\u00f3n Por los Derechos Humanos de Andaluc\u00eda, os invitamos a que particip\u00e9is en la concentraci\u00f3n \u00a0&#8220;VIVIENDA POR DERECHO&#8221;, en laque presentaremos a las ciudadanas y ciudadanos de Sevilla, las reivindicaciones que consideramos imprescindibles para dar una soluci\u00f3n a la situaci\u00f3n de \u00a0emergencia habitacional que vive la poblaci\u00f3n de Sevilla, y que la pr\u00f3xima corporaci\u00f3n municipal, sea cual sea, deber\u00e1 tener en cuenta.<\/p>\n<p style=\"text-align: justify;\">Entre estas exigencias estar\u00e1n que el pr\u00f3ximo gobierno del ayuntamiento de Sevilla, coloque, en su agenda pol\u00edtica, <b>el derecho a la vivienda<\/b>, que ha de ser igual para todas las personas y que debe garantizarse al margen del negocio, <b>en el lugar que corresponde, es decir en uno de los prioritarios,<\/b> implementando medidas<b> urgentes para mejorar la situaci\u00f3n que viven tantas familias y que<\/b> <b>abandone las pol\u00edticas beligerantes<\/b> <b>contra las personas que han intentado responder, individualmente o colectivamente, a una situaci\u00f3n de emergencia\u2026<\/b><\/p>\n<p style=\"text-align: justify;\">E<a href=\"http:\/\/www.apdha.org\/sevilla\/wp-content\/uploads\/Page-4b.jpg\"><img loading=\"lazy\" decoding=\"async\" class=\"alignleft size-full wp-image-270\" alt=\"Concentraci\u00f3n\" src=\"http:\/\/www.apdha.org\/sevilla\/wp-content\/uploads\/Page-4b.jpg\" width=\"595\" height=\"842\" srcset=\"https:\/\/www.apdha.org\/sevilla\/wp-content\/uploads\/Page-4b.jpg 595w, https:\/\/www.apdha.org\/sevilla\/wp-content\/uploads\/Page-4b-211x300.jpg 211w, https:\/\/www.apdha.org\/sevilla\/wp-content\/uploads\/Page-4b-105x150.jpg 105w\" sizes=\"auto, (max-width: 595px) 100vw, 595px\" \/><\/a>n una ciudad donde hay una media de ocho lanzamientos diarios y diez mil desahucios desde el comienzo de la crisis, barrios que necesitan de una rehabilitaci\u00f3n integral y urgente, asentamientos chabolistas en los que cientos de familias malviven desde hace d\u00e9cadas, personas que viven en la calle por falta de plazas y recursos municipales\u2026\u00a0 debe ser una prioridad, para cualquier gobierno municipal, \u00a0atender de manera urgente y proporcionada a la situaci\u00f3n que estamos viviendo e implementar\u00a0 soluciones \u00a0que proporcionen una vivienda digna, as\u00ed como los suministros b\u00e1sicos para todas aquellas familias que debido a\u00a0 la crisis\\estafa que padecemos, no puedan hacer frente a los pagos. El nuevo Ayuntamiento \u00a0debe poner a disposici\u00f3n de estas familias, todos los recursos de los que disponen (viviendas municipales, servicios sociales&#8230;.) hasta solucionar la emergencia habitacional que sufrimos.<\/p>\n<p>\u00a0Os esperamos en la CONCENTRACI\u00d3N: \u201cVIVIENDA POR DERECHO\u201d.<\/p>\n<p><a href=\"https:\/\/www.facebook.com\/events\/1838457469712099\/\">Evento en facebook de la concentraci\u00f3n &#8220;VIVIENDA POR DERECHO&#8221;<\/a><\/p>\n<p>&nbsp;<\/p>\n","protected":false},"excerpt":{"rendered":"<p>CONCENTRACI\u00d3N: \u201cVIVIENDA POR DERECHO\u201d Fecha: Jueves, 14 de mayo a las 20:00 horas. Lugar: Ayuntamiento de Sevilla (Plaza Nueva) Desde la Delegaci\u00f3n en Sevilla de la Asociaci\u00f3n Por los Derechos Humanos de Andaluc\u00eda, os invitamos a que particip\u00e9is en la concentraci\u00f3n \u00a0&#8220;VIVIENDA POR DERECHO&#8221;, en laque presentaremos a las ciudadanas \u2026<\/p>\n<p> <a class=\"continue-reading-link\" href=\"https:\/\/www.apdha.org\/sevilla\/concentracion-vivienda-por-derecho-jueves-14-de-mayo-a-las-2000-horas-plaza-nueva\/\">Seguir Leyendo<i class=\"icon-right-dir\"><\/i><\/a><\/p>\n","protected":false},"author":1,"featured_media":270,"comment_status":"closed","ping_status":"open","sticky":false,"template":"","format":"standard","meta":{"footnotes":""},"categories":[3],"tags":[33,17,15,16,21],"class_list":["post-269","post","type-post","status-publish","format-standard","has-post-thumbnail","hentry","category-actividades","tag-apdhasevilla","tag-exclusion-social","tag-marginacion","tag-personas-sin-hogar","tag-vivienda"],"_links":{"self":[{"href":"https:\/\/www.apdha.org\/sevilla\/wp-json\/wp\/v2\/posts\/269","targetHints":{"allow":["GET"]}}],"collection":[{"href":"https:\/\/www.apdha.org\/sevilla\/wp-json\/wp\/v2\/posts"}],"about":[{"href":"https:\/\/www.apdha.org\/sevilla\/wp-json\/wp\/v2\/types\/post"}],"author":[{"embeddable":true,"href":"https:\/\/www.apdha.org\/sevilla\/wp-json\/wp\/v2\/users\/1"}],"replies":[{"embeddable":true,"href":"https:\/\/www.apdha.org\/sevilla\/wp-json\/wp\/v2\/comments?post=269"}],"version-history":[{"count":5,"href":"https:\/\/www.apdha.org\/sevilla\/wp-json\/wp\/v2\/posts\/269\/revisions"}],"predecessor-version":[{"id":276,"href":"https:\/\/www.apdha.org\/sevilla\/wp-json\/wp\/v2\/posts\/269\/revisions\/276"}],"wp:featuredmedia":[{"embeddable":true,"href":"https:\/\/www.apdha.org\/sevilla\/wp-json\/wp\/v2\/media\/270"}],"wp:attachment":[{"href":"https:\/\/www.apdha.org\/sevilla\/wp-json\/wp\/v2\/media?parent=269"}],"wp:term":[{"taxonomy":"category","embeddable":true,"href":"https:\/\/www.apdha.org\/sevilla\/wp-json\/wp\/v2\/categories?post=269"},{"taxonomy":"post_tag","embeddable":true,"href":"https:\/\/www.apdha.org\/sevilla\/wp-json\/wp\/v2\/tags?post=269"}],"curies":[{"name":"wp","href":"https:\/\/api.w.org\/{rel}","templated":true}]}}