{"id":287,"date":"2015-05-14T20:30:15","date_gmt":"2015-05-14T20:30:15","guid":{"rendered":"http:\/\/www.apdha.org\/sevilla\/?p=287"},"modified":"2015-05-21T12:22:33","modified_gmt":"2015-05-21T11:22:33","slug":"apdha-sevilla-hace-publicas-las-medidas-necesarias-para-garantizar-el-derecho-a-la-vivienda-en-sevilla","status":"publish","type":"post","link":"https:\/\/www.apdha.org\/sevilla\/apdha-sevilla-hace-publicas-las-medidas-necesarias-para-garantizar-el-derecho-a-la-vivienda-en-sevilla\/","title":{"rendered":"APDHA- SEVILLA  hace p\u00fablicas las medidas necesarias para garantizar el derecho a la vivienda en Sevilla"},"content":{"rendered":"<p><strong>En una concentraci\u00f3n en la puerta del Ayuntamiento de Sevilla, a la que acudieron m\u00e1s de un centenar de personas, APDHA ha presentado el Documento \u201cVIVIENDA POR DERECHO: \u00bfQU\u00c9 DEBE HACER EL PR\u00d3XIMO AYUNTAMIENTO DE SEVILLA PARA GARANTIZAR EL DERECHO A LA VIVIENDA?\u201d<a title=\"\" href=\"#_ftn1\">[1]<\/a><\/strong><\/p>\n<p><a href=\"http:\/\/www.apdha.org\/media\/inf-vivienda-por-derecho-sevilla-mayo15.pdf\"><img loading=\"lazy\" decoding=\"async\" class=\"alignleft size-full wp-image-301\" alt=\"VIVIENDA POR DERECHO\" src=\"http:\/\/www.apdha.org\/sevilla\/wp-content\/uploads\/VIVIENDA-POR-DERECHO.jpg\" width=\"394\" height=\"559\" srcset=\"https:\/\/www.apdha.org\/sevilla\/wp-content\/uploads\/VIVIENDA-POR-DERECHO.jpg 394w, https:\/\/www.apdha.org\/sevilla\/wp-content\/uploads\/VIVIENDA-POR-DERECHO-211x300.jpg 211w, https:\/\/www.apdha.org\/sevilla\/wp-content\/uploads\/VIVIENDA-POR-DERECHO-105x150.jpg 105w\" sizes=\"auto, (max-width: 394px) 100vw, 394px\" \/><\/a>A la concentraci\u00f3n se unieron diversos colectivos de Sevilla en defensa del derecho a la vivienda.<\/p>\n<p>Las exigencias planteadas son consideradas imprescindibles para dar una soluci\u00f3n a la situaci\u00f3n de\u00a0 emergencia social y habitacional que vive la poblaci\u00f3n de Sevilla, y que la pr\u00f3xima corporaci\u00f3n municipal, sea cual sea, deber\u00e1 tener en cuenta.<\/p>\n<p>El documento hace una dura cr\u00edtica a la gesti\u00f3n del Ayuntamiento en los \u00faltimos cuatro a\u00f1os al que acusa de haber\u00a0 estado al margen de intentar paliar, en la medida de lo posible, los dramas ocasionados por la violaci\u00f3n del derecho a la vivienda y que, por el contrario <b>se ha posicionado en varias ocasiones a favor de los intereses de la propiedad y la banca frente a los <\/b><b>intereses de las personas<\/b>.\u00a0 En muchas oportunidades el Ayuntamiento ha puesto a disposici\u00f3n de los intereses financieros y especuladores su andamiaje represivo y legal, actuando como defensor de intereses ajenos y opuestos a los de las personas m\u00e1s desfavorecidas, al mismo tiempo que ha mantenido pisos vac\u00edos.\u00a0\u00a0 Por esto, exige a la pr\u00f3xima corporaci\u00f3n municipal, a que <b>abandone esta pol\u00edtica beligerante<\/b> <b>contra las personas que han intentado responder, individualmente o colectivamente, a una situaci\u00f3n de emergencia<\/b> y que se convierta <b>en un aliado de las personas<\/b> que no pueden tener acceso a una vivienda o que son desahuciadas, viven en la calle, y que act\u00fae como mediador y facilitador frente a los grandes tenedores inmobiliarios.<\/p>\n<p>De igual manera exige a la pr\u00f3xima corporaci\u00f3n, entre otras cosas:<\/p>\n<ol>\n<li>Que coloque, en su agenda pol\u00edtica, <b>el derecho a la vivienda<\/b>, que ha de ser igual para todas las personas y que debe garantizarse al margen del negocio, <b>en el lugar que corresponde, es decir en uno de los prioritarios,<\/b> implementando medidas urgentes para mejorar la situaci\u00f3n que viven tantas familias.<\/li>\n<li>Que el modelo a impulsar desde el Ayuntamiento. sea el <b>de PARQUE P\u00daBLICO DE VIVIENDA EN R\u00c9GIMEN DE ALQUILER. <\/b>Que se incremente y no se siga desmantelando el parque p\u00fablico de\u00a0vivienda para obtener algo de liquidez pues ser\u00e1 \u201cpan para hoy y hambre para ma\u00f1ana\u201d.<\/li>\n<li>Que se comprometa a elaborar e implementar con urgencia un plan que <b>acabe con la infravivienda, rehabilitando las barriadas deterioradas.<\/b><\/li>\n<li>Que se declare a <b>Sevilla \u201cMUNICIPIO LIBRE DE DESAHUCIOS\u201d<\/b> y se establezca un protocolo de actuaci\u00f3n municipal para erradicar los desahucios sociales, promoviendo el apoyo a los afectados y cancelar los dep\u00f3sitos y servicios contratados y concertados con las Entidades bancarias y financieras que desahucian.<\/li>\n<li>Que asuma valientemente la <b>situaci\u00f3n de emergencia social y habitacional<\/b> que vive la ciudad de Sevilla e <b>implemente medidas.<\/b><\/li>\n<li>Que se <b>garanticen, para todas las personas, el acceso y disfrute de los suministros b\u00e1sicos.<\/b><\/li>\n<li>Que haga de la <b>lucha por la erradicaci\u00f3n del chabolismo<\/b> una causa <b>sin demora,<\/b> implicando a la Junta de Andaluc\u00eda a trav\u00e9s de los <b>diversos planes de erradicaci\u00f3n del chabolismo <\/b>que ya existen y que son ignorados secularmente.<\/li>\n<li>Que ponga <b>todos los medios <\/b>a su alcance para que<b> ninguna persona se vea en la calle condenada a la exclusi\u00f3n e implemente soluciones integrales para las personas sin hogar.<\/b><\/li>\n<li>Que <b>se adjudique de manera inmediata las viviendas p\u00fablicas vac\u00edas<\/b> entre las personas en riesgo de pobreza y exclusi\u00f3n social.<\/li>\n<li>Que <b>se facilite y garantice el empadronamiento de todas las personas<\/b> que viven en la ciudad independientemente de su situaci\u00f3n contractual con la vivienda, tal como establecen las instrucciones t\u00e9cnicas sobre actualizaci\u00f3n del Padr\u00f3n municipal.<\/li>\n<\/ol>\n<p><a href=\"http:\/\/www.apdha.org\/sevilla\/wp-content\/uploads\/IMG-20150505-WA0004.jpg\"><img loading=\"lazy\" decoding=\"async\" class=\"alignleft size-full wp-image-290\" alt=\"IMG-20150505-WA0004\" src=\"http:\/\/www.apdha.org\/sevilla\/wp-content\/uploads\/IMG-20150505-WA0004.jpg\" width=\"1200\" height=\"411\" srcset=\"https:\/\/www.apdha.org\/sevilla\/wp-content\/uploads\/IMG-20150505-WA0004.jpg 1200w, https:\/\/www.apdha.org\/sevilla\/wp-content\/uploads\/IMG-20150505-WA0004-300x102.jpg 300w, https:\/\/www.apdha.org\/sevilla\/wp-content\/uploads\/IMG-20150505-WA0004-1024x350.jpg 1024w, https:\/\/www.apdha.org\/sevilla\/wp-content\/uploads\/IMG-20150505-WA0004-150x51.jpg 150w\" sizes=\"auto, (max-width: 1200px) 100vw, 1200px\" \/><\/a><\/p>\n<div><br clear=\"all\" \/><\/p>\n<hr align=\"left\" size=\"1\" width=\"33%\" \/>\n<div>\n<p><a title=\"\" href=\"#_ftnref1\">[1]<\/a> <a href=\"http:\/\/www.apdha.org\/media\/inf-vivienda-por-derecho-sevilla-mayo15.pdf\">http:\/\/www.apdha.org\/media\/inf-vivienda-por-derecho-sevilla-mayo15.pdf<\/a><\/p>\n<p><a href=\"https:\/\/www.facebook.com\/media\/set\/?set=a.291339247656642.1073741848.288918727898694&amp;type=1\">FOTOS DE LA CONCENTRACI\u00d3N EN FACEBOOK<\/a><\/p>\n<p>&nbsp;<\/p>\n<\/div>\n<\/div>\n","protected":false},"excerpt":{"rendered":"<p>En una concentraci\u00f3n en la puerta del Ayuntamiento de Sevilla, a la que acudieron m\u00e1s de un centenar de personas, APDHA ha presentado el Documento \u201cVIVIENDA POR DERECHO: \u00bfQU\u00c9 DEBE HACER EL PR\u00d3XIMO AYUNTAMIENTO DE SEVILLA PARA GARANTIZAR EL DERECHO A LA VIVIENDA?\u201d[1] A la concentraci\u00f3n se unieron diversos colectivos \u2026<\/p>\n<p> <a class=\"continue-reading-link\" href=\"https:\/\/www.apdha.org\/sevilla\/apdha-sevilla-hace-publicas-las-medidas-necesarias-para-garantizar-el-derecho-a-la-vivienda-en-sevilla\/\">Seguir Leyendo<i class=\"icon-right-dir\"><\/i><\/a><\/p>\n","protected":false},"author":1,"featured_media":301,"comment_status":"closed","ping_status":"open","sticky":false,"template":"","format":"standard","meta":{"footnotes":""},"categories":[3,1],"tags":[15,21],"class_list":["post-287","post","type-post","status-publish","format-standard","has-post-thumbnail","hentry","category-actividades","category-comunicados","tag-marginacion","tag-vivienda"],"_links":{"self":[{"href":"https:\/\/www.apdha.org\/sevilla\/wp-json\/wp\/v2\/posts\/287","targetHints":{"allow":["GET"]}}],"collection":[{"href":"https:\/\/www.apdha.org\/sevilla\/wp-json\/wp\/v2\/posts"}],"about":[{"href":"https:\/\/www.apdha.org\/sevilla\/wp-json\/wp\/v2\/types\/post"}],"author":[{"embeddable":true,"href":"https:\/\/www.apdha.org\/sevilla\/wp-json\/wp\/v2\/users\/1"}],"replies":[{"embeddable":true,"href":"https:\/\/www.apdha.org\/sevilla\/wp-json\/wp\/v2\/comments?post=287"}],"version-history":[{"count":7,"href":"https:\/\/www.apdha.org\/sevilla\/wp-json\/wp\/v2\/posts\/287\/revisions"}],"predecessor-version":[{"id":302,"href":"https:\/\/www.apdha.org\/sevilla\/wp-json\/wp\/v2\/posts\/287\/revisions\/302"}],"wp:featuredmedia":[{"embeddable":true,"href":"https:\/\/www.apdha.org\/sevilla\/wp-json\/wp\/v2\/media\/301"}],"wp:attachment":[{"href":"https:\/\/www.apdha.org\/sevilla\/wp-json\/wp\/v2\/media?parent=287"}],"wp:term":[{"taxonomy":"category","embeddable":true,"href":"https:\/\/www.apdha.org\/sevilla\/wp-json\/wp\/v2\/categories?post=287"},{"taxonomy":"post_tag","embeddable":true,"href":"https:\/\/www.apdha.org\/sevilla\/wp-json\/wp\/v2\/tags?post=287"}],"curies":[{"name":"wp","href":"https:\/\/api.w.org\/{rel}","templated":true}]}}