{"id":328,"date":"2015-06-23T15:32:29","date_gmt":"2015-06-23T14:32:29","guid":{"rendered":"http:\/\/www.apdha.org\/sevilla\/?p=328"},"modified":"2015-07-07T12:58:32","modified_gmt":"2015-07-07T11:58:32","slug":"concentracion-sabado-27-de-junio-en-casariche-no-al-racismo-a-la-discriminacion-a-la-impunidad","status":"publish","type":"post","link":"https:\/\/www.apdha.org\/sevilla\/concentracion-sabado-27-de-junio-en-casariche-no-al-racismo-a-la-discriminacion-a-la-impunidad\/","title":{"rendered":"CONCENTRACI\u00d3N S\u00c1BADO 27 DE JUNIO EN CASARICHE: NO AL RACISMO, A LA DISCRIMINACI\u00d3N, A LA IMPUNIDAD."},"content":{"rendered":"<p><b>CONCENTRACI\u00d3N S\u00c1BADO 27 DE JUNIO<\/b><\/p>\n<p><b>NO AL RACISMO, A LA DISCRIMINACI\u00d3N, A LA IMPUNIDAD<\/b><\/p>\n<p><b>Lugar<\/b>: Plaza Jos\u00e9 Ram\u00f3n Parrado Cano (Casariche, Sevilla).<\/p>\n<p><b>Hora<\/b>: 20.00h<\/p>\n<p style=\"text-align: justify;\">\u00a0En respuesta a los sucesos ocurridos en la localidad de Casariche, donde fueron \u00a0incendiados \u00faltimamente siete veh\u00edculos de personas inmigrantes, la agrupaci\u00f3n local del Sindicato Andaluz de Trabajadores (SAT) ha llamado a una concentraci\u00f3n contra el racismo y la xenofobia.<\/p>\n<p style=\"text-align: justify;\">Aunque no se han comprobado a\u00fan la autor\u00eda de estos hechos lamentables, s\u00ed se puede suponer en ellos una\u00a0intencionalidad claramente racista.<\/p>\n<p style=\"text-align: justify;\">La Delegaci\u00f3n de Sevilla de la Asociaci\u00f3n Pro Derechos Humanos de Andaluc\u00eda (APDHA) y la Plataforma &#8220;Somos Migrantes&#8221; apoyamos este acto solidario y estaremos junto a los convocantes en el acto que se celebrar\u00e1 en el mismo Casariche el pr\u00f3ximo s\u00e1bado, d\u00eda 27, a las 20.00 horas.<\/p>\n<p style=\"text-align: justify;\">As\u00ed mismo invitamos a participar en \u00e9l a todos las personas y asociaciones amigas.<\/p>\n<p style=\"text-align: justify;\">Grupo de Inmigraci\u00f3n de la APDHA (Delegaci\u00f3n de Sevilla)<\/p>\n<p style=\"text-align: justify;\"><a href=\"http:\/\/www.apdha.org\/sevilla\/wp-content\/uploads\/CASARICHE.jpg\"><img loading=\"lazy\" decoding=\"async\" class=\"aligncenter size-full wp-image-329\" alt=\"CASARICHE\" src=\"http:\/\/www.apdha.org\/sevilla\/wp-content\/uploads\/CASARICHE.jpg\" width=\"431\" height=\"565\" srcset=\"https:\/\/www.apdha.org\/sevilla\/wp-content\/uploads\/CASARICHE.jpg 431w, https:\/\/www.apdha.org\/sevilla\/wp-content\/uploads\/CASARICHE-228x300.jpg 228w, https:\/\/www.apdha.org\/sevilla\/wp-content\/uploads\/CASARICHE-114x150.jpg 114w\" sizes=\"auto, (max-width: 431px) 100vw, 431px\" \/><\/a><\/p>\n<p style=\"text-align: justify;\"><a href=\"http:\/\/www.eldiario.es\/andalucia\/APDHA\/Vandalismo-brotes-racismo-provincia-Sevilla_6_394470557.html\">\u00bfVandalismo o brotes de racismo en la provincia de Sevilla?<\/a><\/p>\n<p style=\"text-align: justify;\">Imagenes y video de la concentraci\u00f3n:<\/p>\n<p><iframe loading=\"lazy\" src=\"https:\/\/www.youtube.com\/embed\/kIr06BpxrsY\" height=\"315\" width=\"560\" allowfullscreen=\"\" frameborder=\"0\"><\/iframe><\/p>\n<p><a href=\"http:\/\/www.apdha.org\/sevilla\/wp-content\/uploads\/IMG_3161.jpg\"><img loading=\"lazy\" decoding=\"async\" class=\"wp-image-338 alignleft\" alt=\"IMG_3161\" src=\"http:\/\/www.apdha.org\/sevilla\/wp-content\/uploads\/IMG_3161.jpg\" width=\"408\" height=\"272\" srcset=\"https:\/\/www.apdha.org\/sevilla\/wp-content\/uploads\/IMG_3161.jpg 1024w, https:\/\/www.apdha.org\/sevilla\/wp-content\/uploads\/IMG_3161-300x200.jpg 300w, https:\/\/www.apdha.org\/sevilla\/wp-content\/uploads\/IMG_3161-150x100.jpg 150w\" sizes=\"auto, (max-width: 408px) 100vw, 408px\" \/><\/a><\/p>\n<p>En Casariche, convocada por la Uni\u00f3n Local del Sindicato Andaluz de Trabajadores (SAT), se ha celebrado la anunciada concentraci\u00f3n contra el racismo. La convocatoria respond\u00eda a los sucesos de la quema y destrucci\u00f3n total de siete veh\u00edculos, propiedad de inmigrantes, vecinos de esta localidad.<\/p>\n<p>Sin confirmar a\u00fan la intencionalidad racista de estos hechos, no es dif\u00edcil llegar a esa conclusi\u00f3n, cuando las caracter\u00edsticas de los destinatarios nos llevan a esa lamentable realidad.<\/p>\n<p>Participaron en la concentraci\u00f3n la Delegaci\u00f3n en Sevilla de la Asociaci\u00f3n Pro Derechos Humanos de Andaluc\u00eda (APDHA) y la Plataforma Somos Migrantes, as\u00ed como una numerosa representaci\u00f3n de la comunidad africana que vive en Casariche y en los pueblos de alrededor.<\/p>\n<p>Los representantes de las asociaciones que intervinieron, expresaron su compromiso en la defensa de los derechos de todas las personas, la lucha contra todo intento de racismo y la exigencia a las autoridades locales de un trabajo eficaz, para que no vuelvan a suceder estos hechos.<\/p>\n<p>Nota: Nos comunican que recientemente se ha podido evitar la quema de otro veh\u00edculo de un vecino senegal\u00e9s, gracias a la intervenci\u00f3n del mismo propietario. El veh\u00edculo hab\u00eda sido rodeado ya con l\u00edquido inflamable y a punto de arder. Los hechos han sido debidamente denunciados a las autoridades.<\/p>\n<p>&nbsp;<\/p>\n","protected":false},"excerpt":{"rendered":"<p>CONCENTRACI\u00d3N S\u00c1BADO 27 DE JUNIO NO AL RACISMO, A LA DISCRIMINACI\u00d3N, A LA IMPUNIDAD Lugar: Plaza Jos\u00e9 Ram\u00f3n Parrado Cano (Casariche, Sevilla). Hora: 20.00h \u00a0En respuesta a los sucesos ocurridos en la localidad de Casariche, donde fueron \u00a0incendiados \u00faltimamente siete veh\u00edculos de personas inmigrantes, la agrupaci\u00f3n local del Sindicato Andaluz \u2026<\/p>\n<p> <a class=\"continue-reading-link\" href=\"https:\/\/www.apdha.org\/sevilla\/concentracion-sabado-27-de-junio-en-casariche-no-al-racismo-a-la-discriminacion-a-la-impunidad\/\">Seguir Leyendo<i class=\"icon-right-dir\"><\/i><\/a><\/p>\n","protected":false},"author":1,"featured_media":329,"comment_status":"closed","ping_status":"open","sticky":false,"template":"","format":"standard","meta":{"footnotes":""},"categories":[3],"tags":[33,44,23,7,27],"class_list":["post-328","post","type-post","status-publish","format-standard","has-post-thumbnail","hentry","category-actividades","tag-apdhasevilla","tag-casariche","tag-derechos-humanos","tag-inmigracion","tag-plataforma-somos-migrantes"],"_links":{"self":[{"href":"https:\/\/www.apdha.org\/sevilla\/wp-json\/wp\/v2\/posts\/328","targetHints":{"allow":["GET"]}}],"collection":[{"href":"https:\/\/www.apdha.org\/sevilla\/wp-json\/wp\/v2\/posts"}],"about":[{"href":"https:\/\/www.apdha.org\/sevilla\/wp-json\/wp\/v2\/types\/post"}],"author":[{"embeddable":true,"href":"https:\/\/www.apdha.org\/sevilla\/wp-json\/wp\/v2\/users\/1"}],"replies":[{"embeddable":true,"href":"https:\/\/www.apdha.org\/sevilla\/wp-json\/wp\/v2\/comments?post=328"}],"version-history":[{"count":3,"href":"https:\/\/www.apdha.org\/sevilla\/wp-json\/wp\/v2\/posts\/328\/revisions"}],"predecessor-version":[{"id":341,"href":"https:\/\/www.apdha.org\/sevilla\/wp-json\/wp\/v2\/posts\/328\/revisions\/341"}],"wp:featuredmedia":[{"embeddable":true,"href":"https:\/\/www.apdha.org\/sevilla\/wp-json\/wp\/v2\/media\/329"}],"wp:attachment":[{"href":"https:\/\/www.apdha.org\/sevilla\/wp-json\/wp\/v2\/media?parent=328"}],"wp:term":[{"taxonomy":"category","embeddable":true,"href":"https:\/\/www.apdha.org\/sevilla\/wp-json\/wp\/v2\/categories?post=328"},{"taxonomy":"post_tag","embeddable":true,"href":"https:\/\/www.apdha.org\/sevilla\/wp-json\/wp\/v2\/tags?post=328"}],"curies":[{"name":"wp","href":"https:\/\/api.w.org\/{rel}","templated":true}]}}