{"id":343,"date":"2015-07-20T15:40:40","date_gmt":"2015-07-20T14:40:40","guid":{"rendered":"http:\/\/www.apdha.org\/sevilla\/?p=343"},"modified":"2015-07-20T15:40:40","modified_gmt":"2015-07-20T14:40:40","slug":"comunicado-de-la-plataforma-de-sevilla-y-provincia-por-una-renta-basica-universal","status":"publish","type":"post","link":"https:\/\/www.apdha.org\/sevilla\/comunicado-de-la-plataforma-de-sevilla-y-provincia-por-una-renta-basica-universal\/","title":{"rendered":"COMUNICADO DE LA PLATAFORMA DE SEVILLA Y PROVINCIA POR UNA RENTA B\u00c1SICA UNIVERSAL."},"content":{"rendered":"<p>La Plataforma de Sevilla y Provincia por una Renta B\u00e1sica Universal, en referencia a la Nota de Prensa del Portavoz del Gobierno andaluz, emitida el pasado 14\/07\/2015 sobre el Proyecto de Ley que regular\u00e1 la Renta B\u00e1sica y desarrollar\u00e1 el art. 23,2 del Estatuto de Autonom\u00eda, manifiesta:<\/p>\n<p>1\u00ba.- Su decepci\u00f3n por la decisi\u00f3n del Consejo de Gobierno de la Junta de no admitir la tramitaci\u00f3n de las Proposiciones de Ley sobre la Renta B\u00e1sica, promovidas por varios Ayuntamientos de nuestra Comunidad Aut\u00f3noma y nuestra Plataforma de Sevilla y provincia por una Renta B\u00e1sica Universal (RBU), que present\u00f3 el texto de la Iniciativa Legislativa Popular por la RBU, a fin de que la Junta instase al Gobierno central para su implantaci\u00f3n a nivel nacional.<\/p>\n<p>2\u00ba.- Su decepci\u00f3n igualmente, ante la propuesta del Portavoz del Gobierno andaluz de que se remitir\u00e1 al Parlamento, en el 2016, un proyecto de Ley de Renta B\u00e1sica que, sin duda, se refiere al Anteproyecto de Ley de Renta b\u00e1sica e inclusi\u00f3n social del 30-10-2007. Y nos decepciona, porque este anteproyecto ya fue rechazado como insuficiente por diversas entidades ciudadanas, entre ellas nuestra Plataforma por una RBU, ya que los beneficiarios siguen siendo las familias y no las\/os ciudadanas\/os andaluzas\/ces y su cuant\u00eda no excede la del Salario Social vigente.<\/p>\n<p>3\u00ba.- Que el Portavoz vuelve a manipular el futuro de tantas personas andaluzas que padecen exclusi\u00f3n social, al afirmar que ese futuro proyecto de Ley garantizar\u00e1 por ley <b><i>una prestaci\u00f3n econ\u00f3mica sustitutoria del actual salario social<\/i><\/b><b><i>, <\/i><\/b>en tanto el Ejecutivo central regula la Renta B\u00e1sica como derecho para todo el pa\u00ed<i>s, <\/i>pues esta afirmaci\u00f3n no es cierta<i>, <\/i>al menos, no la recoge as\u00ed el T\u00edtulo II del citado anteproyecto.<\/p>\n<p>4\u00ba.- Finalmente, esperamos que dicho Anteproyecto de Ley recoja el texto de la propuesta de nuestra Plataforma, de \u201cque todas las personas domiciliadas en nuestra Comunidad Aut\u00f3noma e inscritas en el Servicio Andaluz de Empleo y que no tengan cobertura por desempleo ni dispongan de otros ingresos, reciban una prestaci\u00f3n de 645 \u20ac mensuales, sin necesidad de otros requisitos. De la misma manera, se complementar\u00e1 esta cantidad al resto de personas cuyas rentas, ya provengan de salarios, subsidios o pensiones p\u00fablicas, sean inferiores a dicha cuant\u00eda\u201d. Solo as\u00ed se garantizar\u00e1n las mejores medidas para las familias con menores y en las que hay parados de larga duraci\u00f3n, seg\u00fan manifiesta el Portavoz.<\/p>\n<p>Sevilla, 20 de julio de 2015<a href=\"http:\/\/www.apdha.org\/sevilla\/wp-content\/uploads\/rbu1.jpg\"><img loading=\"lazy\" decoding=\"async\" class=\"alignleft size-full wp-image-345\" alt=\"rbu\" src=\"http:\/\/www.apdha.org\/sevilla\/wp-content\/uploads\/rbu1.jpg\" width=\"2560\" height=\"1536\" srcset=\"https:\/\/www.apdha.org\/sevilla\/wp-content\/uploads\/rbu1.jpg 2560w, https:\/\/www.apdha.org\/sevilla\/wp-content\/uploads\/rbu1-300x180.jpg 300w, https:\/\/www.apdha.org\/sevilla\/wp-content\/uploads\/rbu1-1024x614.jpg 1024w, https:\/\/www.apdha.org\/sevilla\/wp-content\/uploads\/rbu1-150x90.jpg 150w\" sizes=\"auto, (max-width: 2560px) 100vw, 2560px\" \/><\/a><\/p>\n","protected":false},"excerpt":{"rendered":"<p>La Plataforma de Sevilla y Provincia por una Renta B\u00e1sica Universal, en referencia a la Nota de Prensa del Portavoz del Gobierno andaluz, emitida el pasado 14\/07\/2015 sobre el Proyecto de Ley que regular\u00e1 la Renta B\u00e1sica y desarrollar\u00e1 el art. 23,2 del Estatuto de Autonom\u00eda, manifiesta: 1\u00ba.- Su decepci\u00f3n \u2026<\/p>\n<p> <a class=\"continue-reading-link\" href=\"https:\/\/www.apdha.org\/sevilla\/comunicado-de-la-plataforma-de-sevilla-y-provincia-por-una-renta-basica-universal\/\">Seguir Leyendo<i class=\"icon-right-dir\"><\/i><\/a><\/p>\n","protected":false},"author":1,"featured_media":345,"comment_status":"closed","ping_status":"open","sticky":false,"template":"","format":"standard","meta":{"footnotes":""},"categories":[1],"tags":[37,23,15,45,24],"class_list":["post-343","post","type-post","status-publish","format-standard","has-post-thumbnail","hentry","category-comunicados","tag-ddhh","tag-derechos-humanos","tag-marginacion","tag-plataforma-renta-basica","tag-renta-basica-universal"],"_links":{"self":[{"href":"https:\/\/www.apdha.org\/sevilla\/wp-json\/wp\/v2\/posts\/343","targetHints":{"allow":["GET"]}}],"collection":[{"href":"https:\/\/www.apdha.org\/sevilla\/wp-json\/wp\/v2\/posts"}],"about":[{"href":"https:\/\/www.apdha.org\/sevilla\/wp-json\/wp\/v2\/types\/post"}],"author":[{"embeddable":true,"href":"https:\/\/www.apdha.org\/sevilla\/wp-json\/wp\/v2\/users\/1"}],"replies":[{"embeddable":true,"href":"https:\/\/www.apdha.org\/sevilla\/wp-json\/wp\/v2\/comments?post=343"}],"version-history":[{"count":1,"href":"https:\/\/www.apdha.org\/sevilla\/wp-json\/wp\/v2\/posts\/343\/revisions"}],"predecessor-version":[{"id":346,"href":"https:\/\/www.apdha.org\/sevilla\/wp-json\/wp\/v2\/posts\/343\/revisions\/346"}],"wp:featuredmedia":[{"embeddable":true,"href":"https:\/\/www.apdha.org\/sevilla\/wp-json\/wp\/v2\/media\/345"}],"wp:attachment":[{"href":"https:\/\/www.apdha.org\/sevilla\/wp-json\/wp\/v2\/media?parent=343"}],"wp:term":[{"taxonomy":"category","embeddable":true,"href":"https:\/\/www.apdha.org\/sevilla\/wp-json\/wp\/v2\/categories?post=343"},{"taxonomy":"post_tag","embeddable":true,"href":"https:\/\/www.apdha.org\/sevilla\/wp-json\/wp\/v2\/tags?post=343"}],"curies":[{"name":"wp","href":"https:\/\/api.w.org\/{rel}","templated":true}]}}