{"id":361,"date":"2015-09-25T12:21:49","date_gmt":"2015-09-25T11:21:49","guid":{"rendered":"http:\/\/www.apdha.org\/sevilla\/?p=361"},"modified":"2015-09-27T10:52:37","modified_gmt":"2015-09-27T09:52:37","slug":"concentracion-no-mas-muertes-sociales-en-recuerdo-de-piort-piskozub","status":"publish","type":"post","link":"https:\/\/www.apdha.org\/sevilla\/concentracion-no-mas-muertes-sociales-en-recuerdo-de-piort-piskozub\/","title":{"rendered":"CONCENTRACI\u00d3N: NO M\u00c1S MUERTES SOCIALES. En recuerdo de Piort Piskozub"},"content":{"rendered":"<p><span style=\"color: #cf3b2d;\"><b><a href=\"http:\/\/www.apdha.org\/sevilla\/wp-content\/uploads\/20151001-Concentraci\u00f3n-Piort-pared-copia.jpg\"><img loading=\"lazy\" decoding=\"async\" class=\"alignleft  wp-image-363\" alt=\"20151001 Concentraci\u00f3n Piort pared copia\" src=\"http:\/\/www.apdha.org\/sevilla\/wp-content\/uploads\/20151001-Concentraci\u00f3n-Piort-pared-copia.jpg\" width=\"442\" height=\"332\" srcset=\"https:\/\/www.apdha.org\/sevilla\/wp-content\/uploads\/20151001-Concentraci\u00f3n-Piort-pared-copia.jpg 1024w, https:\/\/www.apdha.org\/sevilla\/wp-content\/uploads\/20151001-Concentraci\u00f3n-Piort-pared-copia-300x225.jpg 300w, https:\/\/www.apdha.org\/sevilla\/wp-content\/uploads\/20151001-Concentraci\u00f3n-Piort-pared-copia-150x112.jpg 150w\" sizes=\"auto, (max-width: 442px) 100vw, 442px\" \/><\/a>Fecha:<\/b><\/span><b> <\/b>Jueves, 1 de octubre 19:00 h<\/p>\n<p><span style=\"color: #cf3b2d;\"><b>Lugar:<\/b><\/span><b> <\/b>Frente a la puerta de urgencias. Hospital Virgen del Roc\u00edo.<\/p>\n<p>El 2 de octubre se cumplir\u00e1n dos a\u00f1os del fallecimiento de Piotr Piskozub. Un hecho que ocasion\u00f3 una gran indignaci\u00f3n en buena parte de la ciudadan\u00eda que clam\u00f3 justicia y esclarecimiento de lo ocurrido. Durante estos dos a\u00f1os hemos seguido denunciando las lamentables condiciones en las que malviven las personas en exclusi\u00f3n social, as\u00ed como la dejaci\u00f3n de funciones de las distintas administraciones.<\/p>\n<p>A pesar de lo dicho por las administraciones, nada ha cambiado en los protocolos de atenci\u00f3n a las Personas Sin Hogar en las urgencias hospitalarias.<\/p>\n<p><span style=\"color: #339999;\"><b>Informe APDHA:<\/b><\/span> \u00bfQu\u00e9 pasa con las personas sin hogar en las urgencias y qu\u00e9 deber\u00eda pasar? <a href=\"http:\/\/www.apdha.org\/que-pasa-con-las-personas-sin-hogar-en-las-urgencias-y-que-deberia-pasar\/\" target=\"_blank\">http:\/\/www.apdha.org\/que-pasa-con-las-personas-sin-hogar-en-las-urgencias-y-que-deberia-pasar\/<\/a><\/p>\n<p>El Ayuntamiento de Sevilla sigue sin ofrecer las plazas y recursos necesarios para atender a las PSH.<\/p>\n<p>Te invitamos a participar en esta concentraci\u00f3n de recuerdo y denuncia.<\/p>\n<p><a href=\"https:\/\/www.facebook.com\/events\/824842787633462\/\">EVENTO EN FACEBOOK DE LA CONCENTRACI\u00d3N<\/a><\/p>\n","protected":false},"excerpt":{"rendered":"<p>Fecha: Jueves, 1 de octubre 19:00 h Lugar: Frente a la puerta de urgencias. Hospital Virgen del Roc\u00edo. El 2 de octubre se cumplir\u00e1n dos a\u00f1os del fallecimiento de Piotr Piskozub. Un hecho que ocasion\u00f3 una gran indignaci\u00f3n en buena parte de la ciudadan\u00eda que clam\u00f3 justicia y esclarecimiento de \u2026<\/p>\n<p> <a class=\"continue-reading-link\" href=\"https:\/\/www.apdha.org\/sevilla\/concentracion-no-mas-muertes-sociales-en-recuerdo-de-piort-piskozub\/\">Seguir Leyendo<i class=\"icon-right-dir\"><\/i><\/a><\/p>\n","protected":false},"author":1,"featured_media":363,"comment_status":"closed","ping_status":"open","sticky":false,"template":"","format":"standard","meta":{"footnotes":""},"categories":[3,2],"tags":[33,49,15,16,50],"class_list":["post-361","post","type-post","status-publish","format-standard","has-post-thumbnail","hentry","category-actividades","category-campanas","tag-apdhasevilla","tag-concentracion","tag-marginacion","tag-personas-sin-hogar","tag-psh"],"_links":{"self":[{"href":"https:\/\/www.apdha.org\/sevilla\/wp-json\/wp\/v2\/posts\/361","targetHints":{"allow":["GET"]}}],"collection":[{"href":"https:\/\/www.apdha.org\/sevilla\/wp-json\/wp\/v2\/posts"}],"about":[{"href":"https:\/\/www.apdha.org\/sevilla\/wp-json\/wp\/v2\/types\/post"}],"author":[{"embeddable":true,"href":"https:\/\/www.apdha.org\/sevilla\/wp-json\/wp\/v2\/users\/1"}],"replies":[{"embeddable":true,"href":"https:\/\/www.apdha.org\/sevilla\/wp-json\/wp\/v2\/comments?post=361"}],"version-history":[{"count":9,"href":"https:\/\/www.apdha.org\/sevilla\/wp-json\/wp\/v2\/posts\/361\/revisions"}],"predecessor-version":[{"id":371,"href":"https:\/\/www.apdha.org\/sevilla\/wp-json\/wp\/v2\/posts\/361\/revisions\/371"}],"wp:featuredmedia":[{"embeddable":true,"href":"https:\/\/www.apdha.org\/sevilla\/wp-json\/wp\/v2\/media\/363"}],"wp:attachment":[{"href":"https:\/\/www.apdha.org\/sevilla\/wp-json\/wp\/v2\/media?parent=361"}],"wp:term":[{"taxonomy":"category","embeddable":true,"href":"https:\/\/www.apdha.org\/sevilla\/wp-json\/wp\/v2\/categories?post=361"},{"taxonomy":"post_tag","embeddable":true,"href":"https:\/\/www.apdha.org\/sevilla\/wp-json\/wp\/v2\/tags?post=361"}],"curies":[{"name":"wp","href":"https:\/\/api.w.org\/{rel}","templated":true}]}}