{"id":373,"date":"2015-10-01T14:27:10","date_gmt":"2015-10-01T12:27:10","guid":{"rendered":"http:\/\/www.apdha.org\/sevilla\/?p=373"},"modified":"2015-10-01T21:17:38","modified_gmt":"2015-10-01T19:17:38","slug":"dos-anos-despues-de-la-muerte-evitable-de-piotr-piskozub-la-situacion-para-las-psh-en-sevilla-sigue-siendo-igual-de-lamentable","status":"publish","type":"post","link":"https:\/\/www.apdha.org\/sevilla\/dos-anos-despues-de-la-muerte-evitable-de-piotr-piskozub-la-situacion-para-las-psh-en-sevilla-sigue-siendo-igual-de-lamentable\/","title":{"rendered":"Dos a\u00f1os despu\u00e9s de la muerte evitable de Piotr Piskozub, la situaci\u00f3n para las PSH en Sevilla sigue siendo igual de lamentable"},"content":{"rendered":"<p style=\"text-align: justify;\"><a href=\"http:\/\/www.apdha.org\/sevilla\/wp-content\/uploads\/20151001_190638.jpg\"><img loading=\"lazy\" decoding=\"async\" class=\"alignleft size-full wp-image-377\" alt=\"20151001_190638\" src=\"http:\/\/www.apdha.org\/sevilla\/wp-content\/uploads\/20151001_190638.jpg\" width=\"1701\" height=\"1020\" srcset=\"https:\/\/www.apdha.org\/sevilla\/wp-content\/uploads\/20151001_190638.jpg 1701w, https:\/\/www.apdha.org\/sevilla\/wp-content\/uploads\/20151001_190638-300x179.jpg 300w, https:\/\/www.apdha.org\/sevilla\/wp-content\/uploads\/20151001_190638-1024x614.jpg 1024w, https:\/\/www.apdha.org\/sevilla\/wp-content\/uploads\/20151001_190638-150x89.jpg 150w\" sizes=\"auto, (max-width: 1701px) 100vw, 1701px\" \/><\/a>Hoy, 1 de octubre, la APDHA Sevilla ha convocado una concentraci\u00f3n a la que se unieron medio centenar de personas y diversos colectivos en recuerdo de Piort Piskozub y como denuncia p\u00fablica, frente a la puerta de urgencias del Hospital Virgen del Roc\u00edo.<\/p>\n<p style=\"text-align: justify;\">El 2 de octubre <b>se cumplen\u00a0 dos a\u00f1os del fallecimiento de Piotr Piskozub<\/b>. Un hecho que ocasion\u00f3 una gran indignaci\u00f3n en buena parte de la ciudadan\u00eda que clam\u00f3 justicia y esclarecimiento de lo ocurrido. Durante estos dos a\u00f1os <b>hemos seguido denunciando las lamentables condiciones en las que malviven las personas en exclusi\u00f3n social, as\u00ed como la dejaci\u00f3n de funciones de las distintas administraciones.<\/b><\/p>\n<p style=\"text-align: justify;\">A pesar de lo dicho por las administraciones, nada significativo ha cambiado en los protocolos de atenci\u00f3n a las Personas Sin Hogar en las urgencias hospitalarias: falta concreci\u00f3n, falta un presupuesto para poner en marcha el protocolo, falta un conocimiento del mismo por parte de los hospitales p\u00fablicos de Andaluc\u00eda, falta coordinaci\u00f3n entre los servicios de urgencias hospitalarios y los servicios sociales municipales, etc.<\/p>\n<p style=\"text-align: justify;\">De nada han servido las quejas presentadas a la Oficina del Defensor del Pueblo Andaluz y de nada ha servido que esta Oficina concluyera: <i>\u201cdicho expediente de queja nos permiti\u00f3 constatar la existencia de importantes deficiencias en la atenci\u00f3n por parte de los servicios de urgencias hospitalaria a los colectivos de personas vulnerables, en particular a las personas sin hogar\u201d.<\/i><\/p>\n<p style=\"text-align: justify;\">Desde APDHA elaboramos el Informe:\u00a0\u00bfQu\u00e9 pasa con las personas sin hogar en las urgencias y qu\u00e9 deber\u00eda pasar?\u00a0 <a title=\"\" href=\"#_ftn1\">[1]<\/a>\u00a0\u00a0 Lo presentamos el pasado mes de abril y en \u00e9l\u00a0 expon\u00edamos las medidas que, a nuestro entender, deber\u00edan implementarse para que sucesos como la muerte de Piotr Piskozub no volvieran a darse.\u00a0 Ninguna respuesta por parte de quienes tienen las competencias: esta situaci\u00f3n podr\u00eda repetirse, tal cual, en la actualidad.<\/p>\n<p style=\"text-align: justify;\"><b>A d\u00eda de hoy ninguna administraci\u00f3n ha asumido responsabilidad alguna en esta muerte y la realidad en la atenci\u00f3n a PSH es la misma.<\/b><\/p>\n<p style=\"text-align: justify;\"><b><span style=\"text-decoration: underline;\">Exigimos:<\/span><\/b><\/p>\n<ol style=\"text-align: justify;\" start=\"1\">\n<li><b>Pol\u00edticas globales en aras de la erradicaci\u00f3n de la exclusi\u00f3n social<\/b> a nivel municipal y auton\u00f3mico.<\/li>\n<li><b>Puesta en pr\u00e1ctica, de manera urgente, de todos los recursos necesarios para que ninguna persona se vea obligada a dormir en la calle,<\/b> as\u00ed como recursos espec\u00edficos para personas enfermas en situaci\u00f3n de exclusi\u00f3n. (El Ayuntamiento de Sevilla sigue sin ofrecer las plazas y recursos necesarios para atender a las PSH)<\/li>\n<li>La <b>paralizaci\u00f3n de las ordenanzas municipales que criminalizan y estigmatizan<\/b> a una parte de la poblaci\u00f3n especialmente vulnerable.<\/li>\n<li>Volvemos a reclamar <b>que se abran espacios de encuentro y di\u00e1logo entre profesionales y administraciones que pongan en marcha nuevas estrategias de actuaci\u00f3n para evitar situaciones injustificables.<\/b><\/li>\n<li><b>Que se implementen nuevos protocolos en los que las personas en exclusi\u00f3n social sean tratadas con la misma dignidad que cualquier otro ciudadano o ciudadana y con una atenci\u00f3n espec\u00edfica seg\u00fan sus necesidades. <\/b><\/li>\n<\/ol>\n<p style=\"text-align: justify;\"><b>EN RECUERDO DE PIOTR PISKOZUB. \u00a1NO M\u00c1S MUERTES POR EXCLUSI\u00d3N SOCIAL! <\/b><\/p>\n<p style=\"text-align: right;\" align=\"right\"><b>Delegaci\u00f3n de Sevilla<\/b><\/p>\n<p style=\"text-align: right;\" align=\"right\"><i>Asociaci\u00f3n Pro Derechos Humanos de Andaluc\u00eda<\/i><\/p>\n<div><br clear=\"all\" \/><\/p>\n<hr align=\"left\" size=\"1\" width=\"33%\" \/>\n<div>\n<p style=\"text-align: justify;\"><a title=\"\" href=\"#_ftnref1\">[1]<\/a> <a href=\"http:\/\/www.apdha.org\/que-pasa-con-las-personas-sin-hogar-en-las-urgencias-y-que-deberia-pasar\/\" target=\"_blank\">http:\/\/www.apdha.org\/que-pasa-con-las-personas-sin-hogar-en-las-urgencias-y-que-deberia-pasar\/<\/a><\/p>\n<\/div>\n<\/div>\n","protected":false},"excerpt":{"rendered":"<p>Hoy, 1 de octubre, la APDHA Sevilla ha convocado una concentraci\u00f3n a la que se unieron medio centenar de personas y diversos colectivos en recuerdo de Piort Piskozub y como denuncia p\u00fablica, frente a la puerta de urgencias del Hospital Virgen del Roc\u00edo. El 2 de octubre se cumplen\u00a0 dos \u2026<\/p>\n<p> <a class=\"continue-reading-link\" href=\"https:\/\/www.apdha.org\/sevilla\/dos-anos-despues-de-la-muerte-evitable-de-piotr-piskozub-la-situacion-para-las-psh-en-sevilla-sigue-siendo-igual-de-lamentable\/\">Seguir Leyendo<i class=\"icon-right-dir\"><\/i><\/a><\/p>\n","protected":false},"author":1,"featured_media":377,"comment_status":"closed","ping_status":"open","sticky":false,"template":"","format":"standard","meta":{"footnotes":""},"categories":[1],"tags":[15,50],"class_list":["post-373","post","type-post","status-publish","format-standard","has-post-thumbnail","hentry","category-comunicados","tag-marginacion","tag-psh"],"_links":{"self":[{"href":"https:\/\/www.apdha.org\/sevilla\/wp-json\/wp\/v2\/posts\/373","targetHints":{"allow":["GET"]}}],"collection":[{"href":"https:\/\/www.apdha.org\/sevilla\/wp-json\/wp\/v2\/posts"}],"about":[{"href":"https:\/\/www.apdha.org\/sevilla\/wp-json\/wp\/v2\/types\/post"}],"author":[{"embeddable":true,"href":"https:\/\/www.apdha.org\/sevilla\/wp-json\/wp\/v2\/users\/1"}],"replies":[{"embeddable":true,"href":"https:\/\/www.apdha.org\/sevilla\/wp-json\/wp\/v2\/comments?post=373"}],"version-history":[{"count":5,"href":"https:\/\/www.apdha.org\/sevilla\/wp-json\/wp\/v2\/posts\/373\/revisions"}],"predecessor-version":[{"id":381,"href":"https:\/\/www.apdha.org\/sevilla\/wp-json\/wp\/v2\/posts\/373\/revisions\/381"}],"wp:featuredmedia":[{"embeddable":true,"href":"https:\/\/www.apdha.org\/sevilla\/wp-json\/wp\/v2\/media\/377"}],"wp:attachment":[{"href":"https:\/\/www.apdha.org\/sevilla\/wp-json\/wp\/v2\/media?parent=373"}],"wp:term":[{"taxonomy":"category","embeddable":true,"href":"https:\/\/www.apdha.org\/sevilla\/wp-json\/wp\/v2\/categories?post=373"},{"taxonomy":"post_tag","embeddable":true,"href":"https:\/\/www.apdha.org\/sevilla\/wp-json\/wp\/v2\/tags?post=373"}],"curies":[{"name":"wp","href":"https:\/\/api.w.org\/{rel}","templated":true}]}}