{"id":383,"date":"2015-10-03T23:27:09","date_gmt":"2015-10-03T21:27:09","guid":{"rendered":"http:\/\/www.apdha.org\/sevilla\/?p=383"},"modified":"2015-10-03T23:27:09","modified_gmt":"2015-10-03T21:27:09","slug":"asamblea-apdha_sevilla-sabado-17-de-octubre","status":"publish","type":"post","link":"https:\/\/www.apdha.org\/sevilla\/asamblea-apdha_sevilla-sabado-17-de-octubre\/","title":{"rendered":"ASAMBLEA APDHA_SEVILLA (S\u00c1BADO 17 DE OCTUBRE)."},"content":{"rendered":"<p><a href=\"http:\/\/www.apdha.org\/sevilla\/wp-content\/uploads\/20151017-Asamblea-APDHA-Sevilla.jpg\"><img loading=\"lazy\" decoding=\"async\" class=\"alignleft size-full wp-image-384\" alt=\"20151017 Asamblea APDHA Sevilla\" src=\"http:\/\/www.apdha.org\/sevilla\/wp-content\/uploads\/20151017-Asamblea-APDHA-Sevilla.jpg\" width=\"992\" height=\"745\" srcset=\"https:\/\/www.apdha.org\/sevilla\/wp-content\/uploads\/20151017-Asamblea-APDHA-Sevilla.jpg 992w, https:\/\/www.apdha.org\/sevilla\/wp-content\/uploads\/20151017-Asamblea-APDHA-Sevilla-300x225.jpg 300w, https:\/\/www.apdha.org\/sevilla\/wp-content\/uploads\/20151017-Asamblea-APDHA-Sevilla-150x112.jpg 150w\" sizes=\"auto, (max-width: 992px) 100vw, 992px\" \/><\/a><\/p>\n<p>Desde la Delegaci\u00f3n en Sevilla de\u00a0 la APDHA, queremos comenzar este curso con una asamblea en la que\u00a0 podamos, sin prisas, poner en com\u00fan nuestro trabajo dentro de la Asociaci\u00f3n y poder planificarnos para este curso.<\/p>\n<p>Por eso nos convocamos en una \u00a0<b>Asamblea, <\/b>el<b> <\/b>s\u00e1bado <b>17 de octubre<\/b> en San Jos\u00e9 de la Rinconada, <b>que ser\u00e1 abierta y a la que debemos invitar a\u00a0 amigos y amigas que creamos tengan inter\u00e9s\u00a0 en la labor que hacemos como APDHA. <\/b><\/p>\n<p>Lanzamos el siguiente <b>orden del d\u00eda orientativo<\/b>, que podr\u00e1 ser modificado seg\u00fan las necesidades que en la misma asamblea veamos:<\/p>\n<ol>\n<li>Bienvenida y presentaci\u00f3n del Delegado de Sevilla.<\/li>\n<li>Informaci\u00f3n general de los grupos de trabajos y actividades.<\/li>\n<li>Trabajo en red APDHA Sevilla.<\/li>\n<li>Propuestas y mejoras.<\/li>\n<li>Planificaci\u00f3n del curso. Ideas y sugerencias.<\/li>\n<li>Jornadas 25\u00ba aniversario APDHA\u00a0<a href=\"http:\/\/defensoresdh2015.org\/\" target=\"_blank\">http:\/\/defensoresdh2015.org<\/a><\/li>\n<li>Varios.<\/li>\n<\/ol>\n<p>La <b>Asamblea ser\u00e1 ma\u00f1ana y tarde<\/b> (hasta las 19:00 horas). Comeremos y beberemos poniendo en com\u00fan lo que hayamos llevado.<\/p>\n<p>El lugar, una casa en un campo, re\u00fane condiciones para que <b>podamos llevar a nuestros ni\u00f1os y ni\u00f1as<\/b>. Contamos con personas que estar\u00e1n pendientes de ell@s.<\/p>\n<p>Para facilitar la llegada al lugar de la asamblea, partiremos desde la sede de la APDHA (C\/Blanco White, 5) \u00a0a las 11:00h para organizarnos con el desplazamiento. Os pedimos que nos <b>confirm\u00e9is la \u00a0asistencia y la disponibilidad de plazas o la necesidad de estas<\/b> para poder organizarnos bien. (<a href=\"mailto:sevilla@apdha.org\">sevilla@apdha.org<\/a> \/o al tel\u00e9fono 954 53 79 65.)<\/p>\n<p>Hoy m\u00e1s que nunca es necesaria la defensa activa de los DERECHOS HUMANOS<b>.<\/b><\/p>\n<p><b><\/b><b>\u00a1Nos vemos el 17 de octubre!<\/b><b>\u00a0<\/b><\/p>\n<p><b>\u00a0<\/b><\/p>\n","protected":false},"excerpt":{"rendered":"<p>Desde la Delegaci\u00f3n en Sevilla de\u00a0 la APDHA, queremos comenzar este curso con una asamblea en la que\u00a0 podamos, sin prisas, poner en com\u00fan nuestro trabajo dentro de la Asociaci\u00f3n y poder planificarnos para este curso. Por eso nos convocamos en una \u00a0Asamblea, el s\u00e1bado 17 de octubre en San \u2026<\/p>\n<p> <a class=\"continue-reading-link\" href=\"https:\/\/www.apdha.org\/sevilla\/asamblea-apdha_sevilla-sabado-17-de-octubre\/\">Seguir Leyendo<i class=\"icon-right-dir\"><\/i><\/a><\/p>\n","protected":false},"author":1,"featured_media":384,"comment_status":"closed","ping_status":"open","sticky":false,"template":"","format":"standard","meta":{"footnotes":""},"categories":[3],"tags":[33,35,30],"class_list":["post-383","post","type-post","status-publish","format-standard","has-post-thumbnail","hentry","category-actividades","tag-apdhasevilla","tag-asamblea","tag-derechoshumanos"],"_links":{"self":[{"href":"https:\/\/www.apdha.org\/sevilla\/wp-json\/wp\/v2\/posts\/383","targetHints":{"allow":["GET"]}}],"collection":[{"href":"https:\/\/www.apdha.org\/sevilla\/wp-json\/wp\/v2\/posts"}],"about":[{"href":"https:\/\/www.apdha.org\/sevilla\/wp-json\/wp\/v2\/types\/post"}],"author":[{"embeddable":true,"href":"https:\/\/www.apdha.org\/sevilla\/wp-json\/wp\/v2\/users\/1"}],"replies":[{"embeddable":true,"href":"https:\/\/www.apdha.org\/sevilla\/wp-json\/wp\/v2\/comments?post=383"}],"version-history":[{"count":1,"href":"https:\/\/www.apdha.org\/sevilla\/wp-json\/wp\/v2\/posts\/383\/revisions"}],"predecessor-version":[{"id":385,"href":"https:\/\/www.apdha.org\/sevilla\/wp-json\/wp\/v2\/posts\/383\/revisions\/385"}],"wp:featuredmedia":[{"embeddable":true,"href":"https:\/\/www.apdha.org\/sevilla\/wp-json\/wp\/v2\/media\/384"}],"wp:attachment":[{"href":"https:\/\/www.apdha.org\/sevilla\/wp-json\/wp\/v2\/media?parent=383"}],"wp:term":[{"taxonomy":"category","embeddable":true,"href":"https:\/\/www.apdha.org\/sevilla\/wp-json\/wp\/v2\/categories?post=383"},{"taxonomy":"post_tag","embeddable":true,"href":"https:\/\/www.apdha.org\/sevilla\/wp-json\/wp\/v2\/tags?post=383"}],"curies":[{"name":"wp","href":"https:\/\/api.w.org\/{rel}","templated":true}]}}