{"id":390,"date":"2015-10-14T12:02:30","date_gmt":"2015-10-14T10:02:30","guid":{"rendered":"http:\/\/www.apdha.org\/sevilla\/?p=390"},"modified":"2015-10-14T15:46:30","modified_gmt":"2015-10-14T13:46:30","slug":"apdha-sevilla-suspende-la-gestion-del-ayuntamiento-en-materias-sociales-2","status":"publish","type":"post","link":"https:\/\/www.apdha.org\/sevilla\/apdha-sevilla-suspende-la-gestion-del-ayuntamiento-en-materias-sociales-2\/","title":{"rendered":"APDHA-Sevilla suspende la gesti\u00f3n del Ayuntamiento en materias sociales"},"content":{"rendered":"<p align=\"center\"><a href=\"http:\/\/www.apdha.org\/sevilla\/wp-content\/uploads\/02-sos-emergencia-habitacional.jpg\"><img loading=\"lazy\" decoding=\"async\" class=\"alignleft size-full wp-image-395\" alt=\"02 sos emergencia habitacional\" src=\"http:\/\/www.apdha.org\/sevilla\/wp-content\/uploads\/02-sos-emergencia-habitacional.jpg\" width=\"1293\" height=\"1023\" srcset=\"https:\/\/www.apdha.org\/sevilla\/wp-content\/uploads\/02-sos-emergencia-habitacional.jpg 1293w, https:\/\/www.apdha.org\/sevilla\/wp-content\/uploads\/02-sos-emergencia-habitacional-300x237.jpg 300w, https:\/\/www.apdha.org\/sevilla\/wp-content\/uploads\/02-sos-emergencia-habitacional-1024x810.jpg 1024w, https:\/\/www.apdha.org\/sevilla\/wp-content\/uploads\/02-sos-emergencia-habitacional-150x118.jpg 150w\" sizes=\"auto, (max-width: 1293px) 100vw, 1293px\" \/><\/a><\/p>\n<p align=\"center\">\n<p align=\"center\"><b><span style=\"text-decoration: underline;\">M\u00e1s de 100 d\u00edas del nuevo gobierno municipal en Sevilla y no hay planes integrales que aborden la emergencia social.<\/span><\/b><\/p>\n<p style=\"text-align: justify;\">Pasado los primeros cien d\u00edas del nuevo gobierno de esta ciudad,\u00a0 los resultados de la valoraci\u00f3n que hacemos desde APDHA en temas sociales,\u00a0 no puede ser menos que decepcionante. Entendemos, que en tan corto periodo de tiempo, no se le diera una soluci\u00f3n definitiva a los graves problemas que una parte importante de la ciudadan\u00eda viene padeciendo. Pero precisamente por ser temas antiguos y urgentes, s\u00ed esper\u00e1bamos al menos que en este comienzo de legislatura, este ayuntamiento mostrara proyectos y planes donde se recogiera como piensa dar soluci\u00f3n a estos temas. Y sobre todo, que presentara un plan de actuaci\u00f3n para los casos m\u00e1s urgentes y que requieren una soluci\u00f3n \u00a0inmediata.<\/p>\n<p style=\"text-align: justify;\">Pasados cien d\u00edas de gobierno,\u00a0 <b>seguimos sin saber de qu\u00e9 manera se piensa erradicar el chabolismo.<\/b> Ni si se piensa dotar con m\u00e1s medios a los servicios sociales que trabajan con esta poblaci\u00f3n.<\/p>\n<p style=\"text-align: justify;\">Pasados cien d\u00edas de gobierno, <b>seguimos sin saber qu\u00e9 planes tiene el ayuntamiento para atender a todas las personas sin hogar.<\/b> Nos preocupa la falta de medidas o que no se adopten las necesarias de cara al pr\u00f3ximo invierno que se avecina, y siempre esperamos que los servicios no solo se den para este periodo, si no de forma permanente. Desconocemos si se dotara de m\u00e1s plazas de alojamiento en los alberges ya existentes, ni si hay un plan para crear nuevos albergues en otras zonas de la ciudad \u00a0de manera que puedan ofrecer una mejor atenci\u00f3n, como ya vinimos reivindicando en el informe de <span style=\"text-decoration: underline; color: #339999;\"><b><a href=\"http:\/\/www.apdha.org\/media\/sevilla_PSH_macarena2013.pdf\"><span style=\"color: #339999; text-decoration: underline;\">Personas Sin Hogar<\/span><\/a><\/b><\/span>. Tambi\u00e9n desconocemos si se est\u00e1 trabajando, desde las distintas administraciones, para que no vuelvan a ocurrir muertes evitables como la de Piotr Piskozub. Pero lo que s\u00ed sabemos es que urge un censo de personas sin hogar y un plan integral que d\u00e9 respuesta a las necesidades de este colectivo especialmente vulnerable.<\/p>\n<p style=\"text-align: justify;\">Pasados cien d\u00edas de gobierno, <strong>no vemos una estrategia municipal en defensa del derecho a la\u00a0 vivienda para todas las personas.<\/strong> A\u00fan \u00a0reconociendo que ha habido cierto movimiento por parte del ayuntamiento, este es a todas luces insuficiente y desestructurado. Pues si bien se han parado algunos desahucios, y reconocemos el hecho en lo que vale, entendemos que la Oficina Antidesahucios, as\u00ed como el Protocolo de Emergencia que este ayuntamiento dice haber puesto en marcha (totalmente desconocido para las UTS de los distintos distritos, como para el resto de fuerzas pol\u00edticas y ciudadanos), no deber\u00eda funcionar como un mero apaga fuegos, si no que deber\u00eda\u00a0 estar enmarcados en un Plan Urgente de Vivienda, donde se incluya un diagnostico, \u00a0los medios (viviendas vac\u00edas tanto p\u00fablicas como privadas con las que se cuentan) y las soluciones. Pero tampoco este Plan es conocido por nadie, si es que existe. As\u00ed como tampoco se conoce de qu\u00e9 manera cumplir\u00e1 su promesa electoral de obligar a la banca a sacar al mercado las viviendas vac\u00edas de su propiedad, ni como impedir\u00e1 los desahucios que estas entidades siguen realizando, as\u00ed como los desahucios por impago de alquiler.<\/p>\n<p style=\"text-align: justify;\"><strong>Denunciamos que una ciudad que ha padecido m\u00e1s de 10.000 desahucios, mantenga viviendas p\u00fablicas vac\u00edas,<\/strong>\u00a0 es un lujo que no nos podemos permitir y \u00a0hasta ahora \u00a0lo \u00fanico que se ha hecho al respecto es un sorteo de 91 viviendas y la intenci\u00f3n de poner a la venta\u00a0 131 de la empresa p\u00fablica EMVISESA, con la promesa de que a final de a\u00f1o no quede ninguna vac\u00eda, pero sin concretar si el sistema de adjudicaci\u00f3n seguir\u00e1 siendo el sorteo, o se regir\u00e1n por criterios de necesidad familiar seg\u00fan los baremos de las UTS, como creemos m\u00e1s l\u00f3gico, o si se pretende seguir vendiendo y especulando con las viviendas p\u00fablicas, en detrimento del alquiler social, como abogamos desde esta asociaci\u00f3n.<\/p>\n<p style=\"text-align: justify;\"><strong>Desde APDHA echamos en falta es una actuaci\u00f3n ordenada, coordinada y \u00a0urgente de todo los recursos del ayuntamiento,<\/strong> que de soluci\u00f3n\u00a0 a las angustiosa situaci\u00f3n de las familias que ahora mismo se ven en riesgo de exclusi\u00f3n social ante la p\u00e9rdida de la vivienda por desahucio hipotecario o de\u00a0 alquiler,\u00a0 o para las familias que ante la p\u00e9rdida sus viviendas, se vieron en la necesidad de ocupar y que\u00a0 est\u00e1n denunciadas por las entidades bancarias propietarias de las viviendas ocupadas. <strong>Tampoco se ha puesto remedio<\/strong>, ni se sabe como lo pondr\u00e1n, para el caso de las miles de familias que se ven privadas de los <strong>suministros b\u00e1sicos<\/strong> (agua, luz, gas) ante el impago de los mismos. A la altura de legislatura que estamos, desconocemos como se abordar\u00e1 el estado de emergencia habitacional que padecemos a corto y largo plazo.<\/p>\n<p style=\"text-align: justify;\">En definitiva, <strong>la falta de datos y de proyectos, nos hace pensar que las promesas hechas\u00a0 durante la campa\u00f1a electoral, no estaban sustentadas en un trabajo previo, y que la improvisaci\u00f3n y la falta de criterio est\u00e1n siendo las normas que marcan las pol\u00edticas sociales de este ayuntamiento.<\/strong><\/p>\n<p style=\"text-align: justify;\">Por lo tanto desde APDHA no podemos si no suspender la labor hecha hasta ahora por parte de este ayuntamiento, por considerar insuficiente e inexistente sus pol\u00edticas para atajar a corto y medio plazo los casos de extrema necesidad, as\u00ed como un plan integral en asuntos sociales\u00a0 a largo plazo.\u00a0 Y como hasta ahora, desde esta asociaci\u00f3n <strong>seguiremos exigiendo de la administraci\u00f3n, el cumplimiento de sus promesas y la soluci\u00f3n para los problemas que padece nuestra\u00a0 sociedad.<\/strong><\/p>\n<p style=\"text-align: right;\">Sevilla, 14 de octubre de 2015<\/p>\n","protected":false},"excerpt":{"rendered":"<p>M\u00e1s de 100 d\u00edas del nuevo gobierno municipal en Sevilla y no hay planes integrales que aborden la emergencia social. Pasado los primeros cien d\u00edas del nuevo gobierno de esta ciudad,\u00a0 los resultados de la valoraci\u00f3n que hacemos desde APDHA en temas sociales,\u00a0 no puede ser menos que decepcionante. Entendemos, \u2026<\/p>\n<p> <a class=\"continue-reading-link\" href=\"https:\/\/www.apdha.org\/sevilla\/apdha-sevilla-suspende-la-gestion-del-ayuntamiento-en-materias-sociales-2\/\">Seguir Leyendo<i class=\"icon-right-dir\"><\/i><\/a><\/p>\n","protected":false},"author":1,"featured_media":395,"comment_status":"closed","ping_status":"open","sticky":false,"template":"","format":"standard","meta":{"footnotes":""},"categories":[1],"tags":[20,51,15,16,21],"class_list":["post-390","post","type-post","status-publish","format-standard","has-post-thumbnail","hentry","category-comunicados","tag-ayuntamiento-sevilla","tag-emergencia-social","tag-marginacion","tag-personas-sin-hogar","tag-vivienda"],"_links":{"self":[{"href":"https:\/\/www.apdha.org\/sevilla\/wp-json\/wp\/v2\/posts\/390","targetHints":{"allow":["GET"]}}],"collection":[{"href":"https:\/\/www.apdha.org\/sevilla\/wp-json\/wp\/v2\/posts"}],"about":[{"href":"https:\/\/www.apdha.org\/sevilla\/wp-json\/wp\/v2\/types\/post"}],"author":[{"embeddable":true,"href":"https:\/\/www.apdha.org\/sevilla\/wp-json\/wp\/v2\/users\/1"}],"replies":[{"embeddable":true,"href":"https:\/\/www.apdha.org\/sevilla\/wp-json\/wp\/v2\/comments?post=390"}],"version-history":[{"count":5,"href":"https:\/\/www.apdha.org\/sevilla\/wp-json\/wp\/v2\/posts\/390\/revisions"}],"predecessor-version":[{"id":396,"href":"https:\/\/www.apdha.org\/sevilla\/wp-json\/wp\/v2\/posts\/390\/revisions\/396"}],"wp:featuredmedia":[{"embeddable":true,"href":"https:\/\/www.apdha.org\/sevilla\/wp-json\/wp\/v2\/media\/395"}],"wp:attachment":[{"href":"https:\/\/www.apdha.org\/sevilla\/wp-json\/wp\/v2\/media?parent=390"}],"wp:term":[{"taxonomy":"category","embeddable":true,"href":"https:\/\/www.apdha.org\/sevilla\/wp-json\/wp\/v2\/categories?post=390"},{"taxonomy":"post_tag","embeddable":true,"href":"https:\/\/www.apdha.org\/sevilla\/wp-json\/wp\/v2\/tags?post=390"}],"curies":[{"name":"wp","href":"https:\/\/api.w.org\/{rel}","templated":true}]}}