{"id":675,"date":"2016-10-12T16:30:05","date_gmt":"2016-10-12T14:30:05","guid":{"rendered":"http:\/\/www.apdha.org\/sevilla\/?p=675"},"modified":"2016-10-12T16:43:17","modified_gmt":"2016-10-12T14:43:17","slug":"iii-encuentro-de-movimientos-sociales-de-sevilla-y-provincia-seguimos-construyendo-juntas","status":"publish","type":"post","link":"https:\/\/www.apdha.org\/sevilla\/iii-encuentro-de-movimientos-sociales-de-sevilla-y-provincia-seguimos-construyendo-juntas\/","title":{"rendered":"III Encuentro de Movimientos Sociales de Sevilla y Provincia \u201cSeguimos construyendo juntas\u201d"},"content":{"rendered":"<p><img loading=\"lazy\" decoding=\"async\" class=\"alignleft size-full wp-image-674\" src=\"http:\/\/www.apdha.org\/sevilla\/wp-content\/uploads\/Cartel-III-Encuentro-MMSS.jpg\" alt=\"cartel-iii-encuentro-mmss\" width=\"1169\" height=\"1653\" srcset=\"https:\/\/www.apdha.org\/sevilla\/wp-content\/uploads\/Cartel-III-Encuentro-MMSS.jpg 1169w, https:\/\/www.apdha.org\/sevilla\/wp-content\/uploads\/Cartel-III-Encuentro-MMSS-212x300.jpg 212w, https:\/\/www.apdha.org\/sevilla\/wp-content\/uploads\/Cartel-III-Encuentro-MMSS-768x1086.jpg 768w, https:\/\/www.apdha.org\/sevilla\/wp-content\/uploads\/Cartel-III-Encuentro-MMSS-724x1024.jpg 724w, https:\/\/www.apdha.org\/sevilla\/wp-content\/uploads\/Cartel-III-Encuentro-MMSS-106x150.jpg 106w\" sizes=\"auto, (max-width: 1169px) 100vw, 1169px\" \/><\/p>\n<p><strong><u>PROPUESTA DE PROGRAMA III ENCUENTRO MM.SS. del 29\/oct\/16 en 15M Montequinto<\/u><\/strong><\/p>\n<p><strong>\u00a0<\/strong>10:30 h. Recepci\u00f3n asistentes<\/p>\n<p>10.45 \u2013 11.00 h. Lectura y aprobaci\u00f3n si procede Acta, Conclusiones y temas pendientes<\/p>\n<p>11:00 \u2013 12:00 h. \u00bfQue son los MM.SS.? \u00bfC\u00f3mo nos definimos?<\/p>\n<p>12:00 \u2013 12:20 h. Descanso<\/p>\n<p>12:20 \u2013 13:20 h. \u00bfC\u00f3mo nos organizamos?:<\/p>\n<ul>\n<li>\u00bfC\u00f3mo nos llamamos?<\/li>\n<li>\u00bfQu\u00e9 lema y logo nos damos?<\/li>\n<li>\u00bfCon que frecuencia nos reunimos?<\/li>\n<li>\u00bfQu\u00e9 tipos de comunicaci\u00f3n interna y externa nos damos?<\/li>\n<\/ul>\n<p>13:20 \u2013 14:000 h. Propuestas y aprobaci\u00f3n de acciones conjuntas<\/p>\n<p>14:00 h. en adelante Convivencia.<\/p>\n<p>Se anima a todos los colectivos sociales a presentar propuestas sobre el temario del Programa del III Encuentro, envi\u00e1ndolas por escrito al GoogleGroup ENCUENTRO MM.SS. V Aniversario 15M o al correo\u00a0<a href=\"mailto:movimientossocialessevilla@gmail.com\">movimientossocialessevilla@gmail.com<\/a>\u00a0antes del 22 de octubre a efectos de posibilitar su debate en las distintas organizaciones.<\/p>\n<p>Tambi\u00e9n hacemos un llamamiento a todos los activistas sociales que no lo est\u00e9n, a integrarse en alguno de los colectivos sociales existentes en la provincia, como mejor forma de articular su participaci\u00f3n e intervenci\u00f3n social. O a constituir uno nuevo, si as\u00ed lo entienden oportuno.<\/p>\n<p>M\u00e1s informaci\u00f3n:\u00a0http:\/\/www.apdha.org\/sevilla\/event\/iii-encuentro-movimientos-sociales-de-sevilla-y-provincia\/<\/p>\n<blockquote data-secret=\"GknYNIinSm\" class=\"wp-embedded-content\"><p><a href=\"http:\/\/www.apdha.org\/sevilla\/event\/iii-encuentro-movimientos-sociales-de-sevilla-y-provincia\/\">III ENCUENTRO MOVIMIENTOS SOCIALES DE SEVILLA Y PROVINCIA:<\/a><\/p><\/blockquote>\n<p><iframe loading=\"lazy\" class=\"wp-embedded-content\" sandbox=\"allow-scripts\" security=\"restricted\" style=\"position: absolute; clip: rect(1px, 1px, 1px, 1px);\" src=\"http:\/\/www.apdha.org\/sevilla\/event\/iii-encuentro-movimientos-sociales-de-sevilla-y-provincia\/embed\/#?secret=GknYNIinSm\" data-secret=\"GknYNIinSm\" width=\"600\" height=\"338\" title=\"&#8220;III ENCUENTRO MOVIMIENTOS SOCIALES DE SEVILLA Y PROVINCIA:&#8221; &#8212; Asociaci\u00f3n Pro Derechos Humanos de Andaluc\u00eda\" frameborder=\"0\" marginwidth=\"0\" marginheight=\"0\" scrolling=\"no\"><\/iframe><\/p>\n<p><a href=\"https:\/\/www.facebook.com\/events\/743389135809052\/\">ENLACE AL EVENTO EN FACEBOOK<\/a><\/p>\n<p>&nbsp;<\/p>\n","protected":false},"excerpt":{"rendered":"<p>PROPUESTA DE PROGRAMA III ENCUENTRO MM.SS. del 29\/oct\/16 en 15M Montequinto \u00a010:30 h. Recepci\u00f3n asistentes 10.45 \u2013 11.00 h. Lectura y aprobaci\u00f3n si procede Acta, Conclusiones y temas pendientes 11:00 \u2013 12:00 h. \u00bfQue son los MM.SS.? \u00bfC\u00f3mo nos definimos? 12:00 \u2013 12:20 h. Descanso 12:20 \u2013 13:20 h. \u00bfC\u00f3mo \u2026<\/p>\n<p> <a class=\"continue-reading-link\" href=\"https:\/\/www.apdha.org\/sevilla\/iii-encuentro-de-movimientos-sociales-de-sevilla-y-provincia-seguimos-construyendo-juntas\/\">Seguir Leyendo<i class=\"icon-right-dir\"><\/i><\/a><\/p>\n","protected":false},"author":1,"featured_media":674,"comment_status":"closed","ping_status":"closed","sticky":false,"template":"","format":"standard","meta":{"footnotes":""},"categories":[74],"tags":[],"class_list":["post-675","post","type-post","status-publish","format-standard","has-post-thumbnail","hentry","category-movimientos-sociales-sevilla"],"_links":{"self":[{"href":"https:\/\/www.apdha.org\/sevilla\/wp-json\/wp\/v2\/posts\/675","targetHints":{"allow":["GET"]}}],"collection":[{"href":"https:\/\/www.apdha.org\/sevilla\/wp-json\/wp\/v2\/posts"}],"about":[{"href":"https:\/\/www.apdha.org\/sevilla\/wp-json\/wp\/v2\/types\/post"}],"author":[{"embeddable":true,"href":"https:\/\/www.apdha.org\/sevilla\/wp-json\/wp\/v2\/users\/1"}],"replies":[{"embeddable":true,"href":"https:\/\/www.apdha.org\/sevilla\/wp-json\/wp\/v2\/comments?post=675"}],"version-history":[{"count":3,"href":"https:\/\/www.apdha.org\/sevilla\/wp-json\/wp\/v2\/posts\/675\/revisions"}],"predecessor-version":[{"id":679,"href":"https:\/\/www.apdha.org\/sevilla\/wp-json\/wp\/v2\/posts\/675\/revisions\/679"}],"wp:featuredmedia":[{"embeddable":true,"href":"https:\/\/www.apdha.org\/sevilla\/wp-json\/wp\/v2\/media\/674"}],"wp:attachment":[{"href":"https:\/\/www.apdha.org\/sevilla\/wp-json\/wp\/v2\/media?parent=675"}],"wp:term":[{"taxonomy":"category","embeddable":true,"href":"https:\/\/www.apdha.org\/sevilla\/wp-json\/wp\/v2\/categories?post=675"},{"taxonomy":"post_tag","embeddable":true,"href":"https:\/\/www.apdha.org\/sevilla\/wp-json\/wp\/v2\/tags?post=675"}],"curies":[{"name":"wp","href":"https:\/\/api.w.org\/{rel}","templated":true}]}}