{"id":682,"date":"2016-10-22T14:28:52","date_gmt":"2016-10-22T12:28:52","guid":{"rendered":"http:\/\/www.apdha.org\/sevilla\/?p=682"},"modified":"2016-10-22T14:30:21","modified_gmt":"2016-10-22T12:30:21","slug":"convocatoria-abierta-a-movimientos-sociales-3-de-noviembre-a-las-1900-horas","status":"publish","type":"post","link":"https:\/\/www.apdha.org\/sevilla\/convocatoria-abierta-a-movimientos-sociales-3-de-noviembre-a-las-1900-horas\/","title":{"rendered":"CONVOCATORIA ABIERTA A MOVIMIENTOS SOCIALES: 3 DE NOVIEMBRE A LAS 19:00 HORAS"},"content":{"rendered":"<p>&nbsp;<\/p>\n<p><img loading=\"lazy\" decoding=\"async\" class=\"alignleft size-full wp-image-683\" src=\"http:\/\/www.apdha.org\/sevilla\/wp-content\/uploads\/4f5bf7654725d5ada00b6d268820fea3.jpg\" alt=\"4f5bf7654725d5ada00b6d268820fea3\" width=\"602\" height=\"518\" srcset=\"https:\/\/www.apdha.org\/sevilla\/wp-content\/uploads\/4f5bf7654725d5ada00b6d268820fea3.jpg 602w, https:\/\/www.apdha.org\/sevilla\/wp-content\/uploads\/4f5bf7654725d5ada00b6d268820fea3-300x258.jpg 300w, https:\/\/www.apdha.org\/sevilla\/wp-content\/uploads\/4f5bf7654725d5ada00b6d268820fea3-150x129.jpg 150w\" sizes=\"auto, (max-width: 602px) 100vw, 602px\" \/><\/p>\n<p style=\"text-align: justify;\">Desde APDHA- Sevilla tenemos previsto convocar una <strong>MARCHA-MANIFESTACI\u00d3N POR LOS DERECHOS HUMANOS<\/strong> para el pr\u00f3ximo <strong>d\u00eda 10 de diciembre (D\u00cdA DE LOS DERECHOS HUMANOS).<\/strong>\u00a0\u00a0La idea principal es salir a la calle para denunciar la violaci\u00f3n de los Derechos Humanos. Hemos pensado que la mejor manera ser\u00eda hacer una convocatoria abierta a los colectivos y movimientos sevillanos que trabajan de alguna manera en la defensa de los diferentes derechos: vivienda, trabajo, renta b\u00e1sica, sanidad, educaci\u00f3n, libertad de expresi\u00f3n, igualdad, refugiados\u2026<\/p>\n<p style=\"text-align: justify;\"><strong>Con este motivo os convocamos, y pedimos que difund\u00e1is esta convocatoria, a una REUNI\u00d3N PREPARATORIA de la movilizaci\u00f3n del d\u00eda 10 de Diciembre. Dicha reuni\u00f3n ser\u00e1 el pr\u00f3ximo JUEVES 3 DE NOVIEMBRE A LAS 19:00 HORAS EN EL LOCAL DE LA APDHA (Blanco White 5).<\/strong><\/p>\n<p style=\"text-align: justify;\"><u>ORDEN DEL D\u00cdA:<\/u><\/p>\n<ol style=\"text-align: justify;\">\n<li><strong>Presentaci\u00f3n<\/strong>de los colectivos presentes.<\/li>\n<\/ol>\n<ol style=\"text-align: justify;\" start=\"2\">\n<li>Presentaci\u00f3n de la\u00a0<strong>propuesta<\/strong>de APDHA:\u00a0<strong>10 de diciembre de 12 a 14.<\/strong>\u00a0Desde\u00a0<strong>Plaza Nueva hasta la Alameda.\u00a0<\/strong>Ser\u00eda una marcha-manifestaci\u00f3n\u00a0<strong>\u00a0con un lema similar a \u201cPOR UNA VIDA DIGNA: DERECHOS PARA TOD@S&#8221;<\/strong>. Har\u00edamos distintas<strong>\u00a0paradas, entre dos y cuatro, en sitios simb\u00f3licos<\/strong>\u00a0(Ayuntamiento,\u00a0EMVISESA, comisar\u00eda Alameda\u2026) Las paradas ser\u00edan de\u00a0<strong>5 a 10 minutos<\/strong>, ser\u00edan\u00a0<strong>coordinados por cada uno de los bloques que lo organicen<\/strong>: Vivienda, Migraciones (manteros, fronteras&#8230;), Represi\u00f3n (ley mordaza, c\u00e1rceles), Barrios Ignorados, Recortes (servicios sociales, sanidad, educaci\u00f3n),\u00a0Andaluc\u00eda (autogesti\u00f3n, no\u00a0TTIP, identidad, soberan\u00eda), Renta B\u00e1sica, Laboral (recortes, precariedad&#8230;)\u2026\u00a0\u00a0En el final de la marcha intervendr\u00edan representantes de los colectivos con sus reivindicaciones. Queremos que la marcha\u00a0<strong>sea visible, original:<\/strong>\u00a0carteles\u00a0individuales, temas referidos a la sanidad, a la pobreza, a la vivienda,\u00a0\u00a0etc. (cada bloque ver\u00eda que puede ser\u00a0significativo\u00a0y visible\u2026).<\/li>\n<\/ol>\n<ol style=\"text-align: justify;\" start=\"3\">\n<li><strong>Coordinaci\u00f3n de la marcha y difusi\u00f3n<\/strong>: megafon\u00eda, cartel general y carteles por bloques con el lema general, evento en\u00a0facebook, entrada en\u00a0web\u00a0APDHA, peque\u00f1os v\u00eddeos por bloque animando a la marcha, rueda de prensa, cu\u00f1as en\u00a0Radi\u00f3polis\u2026<\/li>\n<\/ol>\n<p>&nbsp;<\/p>\n<p><strong>\u00a1<\/strong>Os esperamos!<\/p>\n<p style=\"text-align: justify;\">APDHA-SEVILLA<\/p>\n<p style=\"text-align: justify;\">Sevilla, 21 de octubre \u00a0de 2016<\/p>\n","protected":false},"excerpt":{"rendered":"<p>&nbsp; Desde APDHA- Sevilla tenemos previsto convocar una MARCHA-MANIFESTACI\u00d3N POR LOS DERECHOS HUMANOS para el pr\u00f3ximo d\u00eda 10 de diciembre (D\u00cdA DE LOS DERECHOS HUMANOS).\u00a0\u00a0La idea principal es salir a la calle para denunciar la violaci\u00f3n de los Derechos Humanos. Hemos pensado que la mejor manera ser\u00eda hacer una convocatoria \u2026<\/p>\n<p> <a class=\"continue-reading-link\" href=\"https:\/\/www.apdha.org\/sevilla\/convocatoria-abierta-a-movimientos-sociales-3-de-noviembre-a-las-1900-horas\/\">Seguir Leyendo<i class=\"icon-right-dir\"><\/i><\/a><\/p>\n","protected":false},"author":1,"featured_media":683,"comment_status":"closed","ping_status":"closed","sticky":false,"template":"","format":"standard","meta":{"footnotes":""},"categories":[3],"tags":[41,33,10,30,51,17,38,27,24,31,19],"class_list":["post-682","post","type-post","status-publish","format-standard","has-post-thumbnail","hentry","category-actividades","tag-nosomosdelito","tag-apdhasevilla","tag-carceles","tag-derechoshumanos","tag-emergencia-social","tag-exclusion-social","tag-fronteras","tag-plataforma-somos-migrantes","tag-renta-basica-universal","tag-ttip","tag-violencia-de-genero"],"_links":{"self":[{"href":"https:\/\/www.apdha.org\/sevilla\/wp-json\/wp\/v2\/posts\/682","targetHints":{"allow":["GET"]}}],"collection":[{"href":"https:\/\/www.apdha.org\/sevilla\/wp-json\/wp\/v2\/posts"}],"about":[{"href":"https:\/\/www.apdha.org\/sevilla\/wp-json\/wp\/v2\/types\/post"}],"author":[{"embeddable":true,"href":"https:\/\/www.apdha.org\/sevilla\/wp-json\/wp\/v2\/users\/1"}],"replies":[{"embeddable":true,"href":"https:\/\/www.apdha.org\/sevilla\/wp-json\/wp\/v2\/comments?post=682"}],"version-history":[{"count":3,"href":"https:\/\/www.apdha.org\/sevilla\/wp-json\/wp\/v2\/posts\/682\/revisions"}],"predecessor-version":[{"id":686,"href":"https:\/\/www.apdha.org\/sevilla\/wp-json\/wp\/v2\/posts\/682\/revisions\/686"}],"wp:featuredmedia":[{"embeddable":true,"href":"https:\/\/www.apdha.org\/sevilla\/wp-json\/wp\/v2\/media\/683"}],"wp:attachment":[{"href":"https:\/\/www.apdha.org\/sevilla\/wp-json\/wp\/v2\/media?parent=682"}],"wp:term":[{"taxonomy":"category","embeddable":true,"href":"https:\/\/www.apdha.org\/sevilla\/wp-json\/wp\/v2\/categories?post=682"},{"taxonomy":"post_tag","embeddable":true,"href":"https:\/\/www.apdha.org\/sevilla\/wp-json\/wp\/v2\/tags?post=682"}],"curies":[{"name":"wp","href":"https:\/\/api.w.org\/{rel}","templated":true}]}}