{"id":688,"date":"2016-10-28T13:19:03","date_gmt":"2016-10-28T11:19:03","guid":{"rendered":"http:\/\/www.apdha.org\/sevilla\/?p=688"},"modified":"2016-10-28T23:54:57","modified_gmt":"2016-10-28T21:54:57","slug":"espanoles-en-el-inicio-del-transito-migratorio-zara-y-mango-estaban-por-alli","status":"publish","type":"post","link":"https:\/\/www.apdha.org\/sevilla\/espanoles-en-el-inicio-del-transito-migratorio-zara-y-mango-estaban-por-alli\/","title":{"rendered":"Espa\u00f1oles en el inicio del tr\u00e1nsito migratorio. Zara y Mango estaban por all\u00ed"},"content":{"rendered":"<p><img loading=\"lazy\" decoding=\"async\" class=\"alignleft size-full wp-image-695\" src=\"http:\/\/www.apdha.org\/sevilla\/wp-content\/uploads\/mangozara.jpg\" alt=\"mangozara\" width=\"630\" height=\"350\" srcset=\"https:\/\/www.apdha.org\/sevilla\/wp-content\/uploads\/mangozara.jpg 630w, https:\/\/www.apdha.org\/sevilla\/wp-content\/uploads\/mangozara-300x167.jpg 300w, https:\/\/www.apdha.org\/sevilla\/wp-content\/uploads\/mangozara-150x83.jpg 150w\" sizes=\"auto, (max-width: 630px) 100vw, 630px\" \/><\/p>\n<p><em>Jes\u00fas Roiz Concuera, miembro grupo de migraci\u00f3n APDHA Sevilla<\/em><\/p>\n<p style=\"text-align: justify;\">Racchid hab\u00eda pisado tierra en Lampedusa. Por fin hab\u00eda llegado a Europa. Objetivo cumplido. Pero\u00a0 estaba triste, estaba hundido en un mar de dolor. Hab\u00eda salvado su vida en el naufragio, sin embargo a\u00a0 su amigo Zayn le hab\u00eda visto\u00a0 hundirse en el mar que les separaba de Europa.<\/p>\n<p style=\"text-align: justify;\">Hab\u00edan salido de Tr\u00edpoli mezclando ilusiones y compromisos de ayuda. El objetivo estaba all\u00ed cerca, detr\u00e1s de aquella neblina difusa. Los dos eran sirios y ven\u00edan huyendo de una guerra que les hab\u00eda destruido familias, hogares y futuro. Los dos hab\u00edan buscado refugio en Turqu\u00eda y hab\u00edan pensado en Lesbos como puerta de entrada en Europa. Pero su sue\u00f1o se hab\u00eda desvanecido al pagar Europa a Turqu\u00eda para no verles. La desgracia\u00a0 hab\u00eda provocado su encuentro en Tr\u00edpoli hac\u00eda tres meses y hab\u00edan quedado fundidos en una amistad profunda. Lo que Zayn le hab\u00eda ido contando se le hac\u00eda vivo y hondo.<\/p>\n<p style=\"text-align: justify;\">La guerra les hab\u00eda forzado a salir de Siria\u00a0 y no ten\u00edan otro objetivo que Alemania. Primos y amigos les hab\u00edan precedido. Para Zayn hab\u00edan quedado atr\u00e1s aquellas jornadas interminables en las que en Turqu\u00eda te\u00f1\u00eda ropa de vaqueros. Desconoc\u00eda que aquellas telas una vez confeccionadas, pudieran llevar las marcas de Zara o Mango y que luego pudieran estar a la venta en Sevilla, M\u00e1laga o quiz\u00e1s en Granada. Jornadas de 12 horas sin conocer descanso. Salarios de un euro por hora y toxicidad toda.\u00a0 Hab\u00edan sido tiempos de esclavitud real y minor\u00eda de edad. Tiempo en que hab\u00eda encontrado manos, no de acogida sino de empuje a la migraci\u00f3n. Ahora, cuando Zayn se sent\u00eda adulto y lanzado a una vida nueva, el Mediterr\u00e1neo le hace desaparecer de un zarpazo para luego mostrar una cara como si nada hubiera ocurrido. Racchid, cuando en unas mantas de acogida iba saliendo de la hipotermia, reiteraba sus recuerdos y la vivencia tr\u00e1gica del naufragio mientras\u00a0 preguntaba una y otra vez\u00a0 el porqu\u00e9 de injusticias tan crueles.<\/p>\n<p style=\"text-align: justify;\">Como \u00e9ste, ni un caso m\u00e1s: Ser\u00eda la respuesta congruente de quien tenga un sentimiento humanitario m\u00ednimo. Cuando se trata de poner al descubierto las causas de un proceso migratorio forzado, muchos son los que hacen alardes de sentimientos humanitarios, sin embargo miran para otro lado\u00a0 para no descubrir su responsabilidad. Se rinden honores a los espa\u00f1oles que salen a implantar negocios por el mundo y hasta se les coloca el pin de la marca Espa\u00f1a. Sin m\u00e1s an\u00e1lisis cr\u00edtico se les otorga el l\u00e1bel de agentes de desarrollo cuando a lo mejor han pasado por una pr\u00e1ctica de deslocalizaci\u00f3n de empresa y luego implantan una actividad que enriquece su\u00a0 cuenta de resultados mientras empobrece a la comunidad humana donde se han instalado. No se repara en que, lo que en instancias empresariales o de la Administraci\u00f3n se entiende como desarrollo econ\u00f3mico, muchas veces\u00a0 habr\u00eda que entender como empobrecimiento econ\u00f3mico y humano, adem\u00e1s de caldo de cultivo de una emigraci\u00f3n forzada.<\/p>\n<p style=\"text-align: justify;\">Resulta cuando menos curioso que cuando llegan a Europa los migrantes\u00a0 buscando refugio econ\u00f3mico o cualquier tipo de seguridad, no se les pregunte quienes son, de donde vienen y qu\u00e9 responsabilidad tiene Europa o Espa\u00f1a con ellos. Hay unas responsabilidades reconocidas y firmadas o, \u00bfhay algo m\u00e1s? \u00bfQu\u00e9 se hace en orden a un reconocimiento de causas? \u00bfQu\u00e9 se hace en orden a la reparaci\u00f3n del da\u00f1o causado? Cuando una persona migrante, poniendo en peligro su vida, traspasa mares, vallas y murallas forzado por unas circunstancias que le han creado, es detenido y privado de libertad en un CIE, tiene derecho a formular preguntas y es obligaci\u00f3n del interlocutor dar respuesta. Cuando se trata de casos de migraci\u00f3n forzada es derecho de la persona migrante , que antes de ser considerado como delincuente, partiendo del reconocimiento del\u00a0 derecho de toda persona a emigrar, se consideren causas y causantes del proceso migratorio, perjuicios y riesgos sufridos y, asimismo, reparaci\u00f3n de los da\u00f1os causados.<\/p>\n<p style=\"text-align: justify;\">No estar\u00eda mal que la Administraci\u00f3n espa\u00f1ola, adem\u00e1s de mostrarse orgullosa de los espa\u00f1oles que tiene por el mundo, se interesara por su comportamiento, as\u00ed como que cumpla y haga cumplir las responsabilidades que en el\u00a0 ejercicio de sus actividades correspondan.<\/p>\n<p style=\"text-align: right;\">Sevilla, 28 de octubre de 2016<\/p>\n<p style=\"text-align: right;\"><img loading=\"lazy\" decoding=\"async\" class=\"alignleft size-full wp-image-698\" src=\"http:\/\/www.apdha.org\/sevilla\/wp-content\/uploads\/red.jpg\" alt=\"red\" width=\"2340\" height=\"1124\" srcset=\"https:\/\/www.apdha.org\/sevilla\/wp-content\/uploads\/red.jpg 2340w, https:\/\/www.apdha.org\/sevilla\/wp-content\/uploads\/red-300x144.jpg 300w, https:\/\/www.apdha.org\/sevilla\/wp-content\/uploads\/red-768x369.jpg 768w, https:\/\/www.apdha.org\/sevilla\/wp-content\/uploads\/red-1024x492.jpg 1024w, https:\/\/www.apdha.org\/sevilla\/wp-content\/uploads\/red-150x72.jpg 150w\" sizes=\"auto, (max-width: 2340px) 100vw, 2340px\" \/><\/p>\n","protected":false},"excerpt":{"rendered":"<p>Jes\u00fas Roiz Concuera, miembro grupo de migraci\u00f3n APDHA Sevilla Racchid hab\u00eda pisado tierra en Lampedusa. Por fin hab\u00eda llegado a Europa. Objetivo cumplido. Pero\u00a0 estaba triste, estaba hundido en un mar de dolor. Hab\u00eda salvado su vida en el naufragio, sin embargo a\u00a0 su amigo Zayn le hab\u00eda visto\u00a0 hundirse \u2026<\/p>\n<p> <a class=\"continue-reading-link\" href=\"https:\/\/www.apdha.org\/sevilla\/espanoles-en-el-inicio-del-transito-migratorio-zara-y-mango-estaban-por-alli\/\">Seguir Leyendo<i class=\"icon-right-dir\"><\/i><\/a><\/p>\n","protected":false},"author":1,"featured_media":695,"comment_status":"closed","ping_status":"closed","sticky":false,"template":"","format":"standard","meta":{"footnotes":""},"categories":[5],"tags":[23,78,62,59],"class_list":["post-688","post","type-post","status-publish","format-standard","has-post-thumbnail","hentry","category-opinion-otros","tag-derechos-humanos","tag-migracion","tag-refugiads","tag-somos-migrantes"],"_links":{"self":[{"href":"https:\/\/www.apdha.org\/sevilla\/wp-json\/wp\/v2\/posts\/688","targetHints":{"allow":["GET"]}}],"collection":[{"href":"https:\/\/www.apdha.org\/sevilla\/wp-json\/wp\/v2\/posts"}],"about":[{"href":"https:\/\/www.apdha.org\/sevilla\/wp-json\/wp\/v2\/types\/post"}],"author":[{"embeddable":true,"href":"https:\/\/www.apdha.org\/sevilla\/wp-json\/wp\/v2\/users\/1"}],"replies":[{"embeddable":true,"href":"https:\/\/www.apdha.org\/sevilla\/wp-json\/wp\/v2\/comments?post=688"}],"version-history":[{"count":9,"href":"https:\/\/www.apdha.org\/sevilla\/wp-json\/wp\/v2\/posts\/688\/revisions"}],"predecessor-version":[{"id":699,"href":"https:\/\/www.apdha.org\/sevilla\/wp-json\/wp\/v2\/posts\/688\/revisions\/699"}],"wp:featuredmedia":[{"embeddable":true,"href":"https:\/\/www.apdha.org\/sevilla\/wp-json\/wp\/v2\/media\/695"}],"wp:attachment":[{"href":"https:\/\/www.apdha.org\/sevilla\/wp-json\/wp\/v2\/media?parent=688"}],"wp:term":[{"taxonomy":"category","embeddable":true,"href":"https:\/\/www.apdha.org\/sevilla\/wp-json\/wp\/v2\/categories?post=688"},{"taxonomy":"post_tag","embeddable":true,"href":"https:\/\/www.apdha.org\/sevilla\/wp-json\/wp\/v2\/tags?post=688"}],"curies":[{"name":"wp","href":"https:\/\/api.w.org\/{rel}","templated":true}]}}