{"id":722,"date":"2016-10-25T01:31:52","date_gmt":"2016-10-24T23:31:52","guid":{"rendered":"http:\/\/www.apdha.org\/sevilla\/?p=722"},"modified":"2016-11-01T01:45:01","modified_gmt":"2016-10-31T23:45:01","slug":"ya-tenemos-la-propaganda-para-cuando-las-viviendas","status":"publish","type":"post","link":"https:\/\/www.apdha.org\/sevilla\/ya-tenemos-la-propaganda-para-cuando-las-viviendas\/","title":{"rendered":"Ya tenemos la propaganda, \u00bfpara cu\u00e1ndo las viviendas?"},"content":{"rendered":"<div class=\"subtitle bkn mce sk2\">\n<p style=\"text-align: justify;\">&#8220;Las personas que trabajan en la Oficina Municipal por el Derecho a la Vivienda de Sevilla no dan abasto para atender tanta demanda lo que dificulta la gesti\u00f3n de los expedientes ya abiertos y m\u00e1s a\u00fan el abordaje de nuevos casos&#8221;<\/p>\n<p style=\"text-align: justify;\">\u00a0Grupo de Marginaci\u00f3n y Vivienda de APDHA-Sevilla<\/p>\n<\/div>\n<p style=\"text-align: justify;\"><img loading=\"lazy\" decoding=\"async\" class=\"alignleft size-full wp-image-723\" src=\"http:\/\/www.apdha.org\/sevilla\/wp-content\/uploads\/como-una-CASA.jpg\" alt=\"como-una-casa\" width=\"1200\" height=\"1600\" srcset=\"https:\/\/www.apdha.org\/sevilla\/wp-content\/uploads\/como-una-CASA.jpg 1200w, https:\/\/www.apdha.org\/sevilla\/wp-content\/uploads\/como-una-CASA-225x300.jpg 225w, https:\/\/www.apdha.org\/sevilla\/wp-content\/uploads\/como-una-CASA-768x1024.jpg 768w, https:\/\/www.apdha.org\/sevilla\/wp-content\/uploads\/como-una-CASA-113x150.jpg 113w\" sizes=\"auto, (max-width: 1200px) 100vw, 1200px\" \/><\/p>\n<p class=\"mce\" style=\"text-align: justify;\">Desde hace unos d\u00edas han aparecido en nuestra ciudad numerosas vallas publicitarias colocadas por el Ayuntamiento de Sevilla, as\u00ed como anuncios en los autobuses urbanos,\u00a0<a class=\"mce\" href=\"http:\/\/www.emvisesa.org\/2016\/10\/11\/omdv-un-derecho-como-una-casa\/\" target=\"_blank\"> sitios web<\/a> y prensa escrita, con el objeto de dar a conocer a la poblaci\u00f3n sevillana la existencia de la Oficina Municipal por el Derecho a la Vivienda (OMDV) de EMVISESA.<\/p>\n<p class=\"mce\" style=\"text-align: justify;\">La campa\u00f1a presenta a esta Oficina como lugar a donde dirigirse para resolver los problemas de vivienda. Y se explaya en sus consideraciones: &#8220;<em class=\"mce\"> El Ayuntamiento de Sevilla considera que la vivienda es &#8216;un derecho como una casa&#8217; y desea poner todos los medios a su alcance para darle cumplimiento&#8221;<\/em>. Al mismo tiempo la describe como <em class=\"mce\">&#8220;\u2026 un lugar al que dirigirte para recibir una atenci\u00f3n directa e integral relacionada con tus necesidades de vivienda&#8221;<\/em>.<\/p>\n<p class=\"mce\" style=\"text-align: justify;\">Vayamos por partes. La Oficina fue puesta en marcha a finales de mayo, hace cinco meses y su situaci\u00f3n actual, pese a la entrega y el buen hacer de las personas que all\u00ed trabajan, es de verdadero bloqueo, porque aunque el porcentaje de personas afectadas por problemas de vivienda que ha acudido en b\u00fasqueda de soluciones es bajo frente al total existente, las que han ido no encuentran en su mayor\u00eda soluciones reales. Parece que este Ayuntamiento no quiere enterarse de que la prevenci\u00f3n, el asesoramiento y la intermediaci\u00f3n con buenas intenciones no bastan, \u00a1ese no es el meollo del problema!<\/p>\n<p class=\"mce\" style=\"text-align: justify;\">Las personas que trabajan en la OMDV no dan abasto para atender tanta demanda lo que dificulta la gesti\u00f3n de los expedientes ya abiertos y m\u00e1s a\u00fan el abordaje de nuevos casos. Por otra parte, en muchos casos las personas buscan soluciones que la Oficina actual no puede darles. La campa\u00f1a ahora iniciada lo que har\u00e1 es profundizar el colapso y decepcionar, una vez m\u00e1s, a quienes acudan en busca de una vivienda inexistente.<\/p>\n<h4 style=\"text-align: justify;\"><strong>Un paliativo, casi un placebo<\/strong><\/h4>\n<p class=\"mce\" style=\"text-align: justify;\">El grueso de los servicios de la Oficina ya estaba siendo prestados \u2013por cierto, con mucha eficacia y de forma desinteresada- desde hace muchos a\u00f1os por distintos movimientos sociales, como los Puntos de Informaci\u00f3n de Vivienda y Encuentro del 15M (PIVES) y la Plataforma de Afectados por la Hipoteca (PAH). Que la administraci\u00f3n p\u00fablica se haga cargo de ellos es un paso adelante, aunque esas funciones sean s\u00f3lo un paliativo, casi un placebo, en la inmensidad de la tragedia.<\/p>\n<p class=\"mce\" style=\"text-align: justify;\">El problema central es que no hay una pol\u00edtica de vivienda que encare de forma decidida las demandas de la poblaci\u00f3n. El problema central es que la administraci\u00f3n carece de viviendas p\u00fablicas para ser ofertadas en r\u00e9gimen de alquiler social a las familias m\u00e1s necesitadas. El problema central es que los bancos y financieras acaparan un importante n\u00famero de viviendas que no pueden vender ni quieren poner en r\u00e9gimen de alquiler econ\u00f3mico y que al\u00a0 retenerlas les permite mantener los precios de venta y alquiler inamovibles\u2026<\/p>\n<p class=\"mce\" style=\"text-align: justify;\">Parece que no se quiere entender que una familia con m\u00ednimos ingresos o sin ellos debe, en primer lugar, comer y subsistir y que la profunda y continuada crisis no permite con ingresos m\u00ednimos pagar precios de mercado libre, lo que lleva a muchas familias a ocupar viviendas, procesos judiciales, desahucios, angustia permanente\u2026 con tal de no vivir en la calle. Y los poderes pol\u00edticos y econ\u00f3micos se desentienden de la cuesti\u00f3n, miran para otro lado o venden humo.<\/p>\n<p class=\"mce\" style=\"text-align: justify;\">El estado de emergencia habitacional, como hemos dicho otras veces, requiere medidas de calado. La \u00fanica soluci\u00f3n posible es ofrecer viviendas a la gente que las necesita a trav\u00e9s de un alquiler social proporcional a los ingresos reales de la familias y\u00a0 la carencia de pisos se debe atacar exigiendo a los bancos que pongan en circulaci\u00f3n las viviendas que acaparan\u00a0 en alquileres sociales y que las administraciones graven de forma contundente sus pisos cerrados, y, mientras se implementa, denunciar p\u00fablicamente y sin ambig\u00fcedades esta situaci\u00f3n de ignominia, exigiendo\u00a0 a las autoridades andaluzas y estatales en\u00e9rgicas medidas en la misma direcci\u00f3n.<\/p>\n<h4 style=\"text-align: justify;\">Aplazado el censo de viviendas vac\u00edas<\/h4>\n<p class=\"mce\" style=\"text-align: justify;\">A d\u00eda de hoy EMVISESA sostiene que ha atendido a cerca de 200 familias en situaci\u00f3n de inminente desahucio y ha facilitado viviendas en alquiler social a unas decenas de familias en situaci\u00f3n extrema, al borde de la calle. Pero tambi\u00e9n sabemos que es incapaz de dar respuesta a los centenares de casos con necesidades constatadas de vivienda, baremados por los Servicios Sociales, por no hablar de las familias compuestas por tres generaciones hacinadas en un piso peque\u00f1o, ni a las miles de personas ocupando, ni a las personas j\u00f3venes que necesitan independizarse, ni a las personas mayores o con movilidad reducida presas en sus bloques sin ascensor\u2026<\/p>\n<p class=\"mce\" style=\"text-align: justify;\">Paralelamente se ha anunciado que la puesta en marcha del censo de viviendas vac\u00edas en manos de bancos y financieras ha sido aplazado hasta el 2017 por falta de presupuesto. Y sin diagn\u00f3stico proveniente del conocimiento de una parte importante de la realidad, el prometido Plan de Vivienda no es realizable con seriedad, con lo que se da la paradoja que ante un gran problema no tenemos una estrategia para resolverlo.<\/p>\n<p class=\"mce\" style=\"text-align: justify;\">Ante lo dicho con anterioridad nos preguntamos: \u00bfTiene sentido una Oficina Municipal por el Derecho a la Vivienda dependiente de la Empresa Municipal de VIVIENDA sin viviendas que ofrecer? \u00bfTiene sentido lanzar una campa\u00f1a de publicidad generando falsas expectativas de soluciones?\u00a0 \u00bfTiene sentido que se llame Oficina por el Derecho a la Vivienda a una Oficina que no puede garantizar ese derecho? \u00bfNo habr\u00eda que revisar el nombre de la Oficina? El derecho a la vivienda no puede ser demagogia y es denigrante tener que mendigar por despachos demostrando extrema pobreza.<\/p>\n<p class=\"mce\" style=\"text-align: justify;\">Mientras tanto la clase pol\u00edtica que gobierna nuestra ciudad sigue declarando que la vivienda es &#8220;un derecho como una casa&#8221; y la ciudadan\u00eda puede pensar que tienen &#8220;una cara como el cemento&#8221;.<\/p>\n<p class=\"mce\" style=\"text-align: justify;\">25 de octubre de 2016.<\/p>\n<p class=\"mce\" style=\"text-align: justify;\"><a href=\"http:\/\/www.eldiario.es\/andalucia\/enabierto\/propaganda-viviendas_6_572952706.html\">Art\u00edculo publicado el 25 de octubre de 2016 en eldiario.es<\/a><\/p>\n<p class=\"mce\" style=\"text-align: justify;\">\n","protected":false},"excerpt":{"rendered":"<p>&#8220;Las personas que trabajan en la Oficina Municipal por el Derecho a la Vivienda de Sevilla no dan abasto para atender tanta demanda lo que dificulta la gesti\u00f3n de los expedientes ya abiertos y m\u00e1s a\u00fan el abordaje de nuevos casos&#8221; \u00a0Grupo de Marginaci\u00f3n y Vivienda de APDHA-Sevilla Desde hace \u2026<\/p>\n<p> <a class=\"continue-reading-link\" href=\"https:\/\/www.apdha.org\/sevilla\/ya-tenemos-la-propaganda-para-cuando-las-viviendas\/\">Seguir Leyendo<i class=\"icon-right-dir\"><\/i><\/a><\/p>\n","protected":false},"author":1,"featured_media":723,"comment_status":"closed","ping_status":"closed","sticky":false,"template":"","format":"standard","meta":{"footnotes":""},"categories":[5],"tags":[33,21],"class_list":["post-722","post","type-post","status-publish","format-standard","has-post-thumbnail","hentry","category-opinion-otros","tag-apdhasevilla","tag-vivienda"],"_links":{"self":[{"href":"https:\/\/www.apdha.org\/sevilla\/wp-json\/wp\/v2\/posts\/722","targetHints":{"allow":["GET"]}}],"collection":[{"href":"https:\/\/www.apdha.org\/sevilla\/wp-json\/wp\/v2\/posts"}],"about":[{"href":"https:\/\/www.apdha.org\/sevilla\/wp-json\/wp\/v2\/types\/post"}],"author":[{"embeddable":true,"href":"https:\/\/www.apdha.org\/sevilla\/wp-json\/wp\/v2\/users\/1"}],"replies":[{"embeddable":true,"href":"https:\/\/www.apdha.org\/sevilla\/wp-json\/wp\/v2\/comments?post=722"}],"version-history":[{"count":4,"href":"https:\/\/www.apdha.org\/sevilla\/wp-json\/wp\/v2\/posts\/722\/revisions"}],"predecessor-version":[{"id":727,"href":"https:\/\/www.apdha.org\/sevilla\/wp-json\/wp\/v2\/posts\/722\/revisions\/727"}],"wp:featuredmedia":[{"embeddable":true,"href":"https:\/\/www.apdha.org\/sevilla\/wp-json\/wp\/v2\/media\/723"}],"wp:attachment":[{"href":"https:\/\/www.apdha.org\/sevilla\/wp-json\/wp\/v2\/media?parent=722"}],"wp:term":[{"taxonomy":"category","embeddable":true,"href":"https:\/\/www.apdha.org\/sevilla\/wp-json\/wp\/v2\/categories?post=722"},{"taxonomy":"post_tag","embeddable":true,"href":"https:\/\/www.apdha.org\/sevilla\/wp-json\/wp\/v2\/tags?post=722"}],"curies":[{"name":"wp","href":"https:\/\/api.w.org\/{rel}","templated":true}]}}