{"id":731,"date":"2016-11-10T21:18:00","date_gmt":"2016-11-10T19:18:00","guid":{"rendered":"http:\/\/www.apdha.org\/sevilla\/?p=731"},"modified":"2016-11-10T21:18:00","modified_gmt":"2016-11-10T19:18:00","slug":"comunicado-de-la-plataforma-rbu-de-sevilla-y-provincia-en-apoyo-a-la-huelga-de-hambre-de-paco-vega-en-malaga","status":"publish","type":"post","link":"https:\/\/www.apdha.org\/sevilla\/comunicado-de-la-plataforma-rbu-de-sevilla-y-provincia-en-apoyo-a-la-huelga-de-hambre-de-paco-vega-en-malaga\/","title":{"rendered":"Comunicado de la Plataforma RBU de Sevilla y Provincia en apoyo a la huelga de hambre de Paco Vega en M\u00e1laga."},"content":{"rendered":"<p style=\"text-align: justify;\"><img loading=\"lazy\" decoding=\"async\" class=\"alignleft size-full wp-image-732\" src=\"http:\/\/www.apdha.org\/sevilla\/wp-content\/uploads\/15032906_1209244739132645_6840783970619369081_n.jpg\" alt=\"15032906_1209244739132645_6840783970619369081_n\" width=\"707\" height=\"655\" srcset=\"https:\/\/www.apdha.org\/sevilla\/wp-content\/uploads\/15032906_1209244739132645_6840783970619369081_n.jpg 707w, https:\/\/www.apdha.org\/sevilla\/wp-content\/uploads\/15032906_1209244739132645_6840783970619369081_n-300x278.jpg 300w, https:\/\/www.apdha.org\/sevilla\/wp-content\/uploads\/15032906_1209244739132645_6840783970619369081_n-150x139.jpg 150w\" sizes=\"auto, (max-width: 707px) 100vw, 707px\" \/><\/p>\n<p style=\"text-align: justify;\">La Plataforma por la Renta B\u00e1sica Universal de Sevilla y Provincia hace p\u00fablico su apoyo a Paco Vega\u00a0 en su decisi\u00f3n de mantener una huelga de hambre en su ciudad de M\u00e1laga, reclamando de las autoridades la implantaci\u00f3n de la Renta B\u00e1sica Universal.<\/p>\n<p style=\"text-align: justify;\">Compartimos las razones que le han llevado a tomar esta valiente y generosa decisi\u00f3n: la implantaci\u00f3n de la Renta B\u00e1sica Universal es perfectamente factible sin necesidad de incrementar la carga impositiva global, solo con modificar los tramos del IRPF. La gran mayor\u00eda de la ciudadan\u00eda saldr\u00eda beneficiada econ\u00f3micamente y tambi\u00e9n en autonom\u00eda personal. Pero, sobre todo, su implantaci\u00f3n significar\u00eda la erradicaci\u00f3n de la pobreza extrema y una herramienta para la liberaci\u00f3n de muchas personas que padecen situaciones vejatorias, como tantas mujeres sin recursos que dependen de hombres maltratadores.\u00a0 Paco no mira para otro lado, no es insensible ante tanta injusticia, no banaliza el sufrimiento evitable que ve a su alrededor. Con su testimonio nos interpela a todos y todas. Quienes integramos la Plataforma sevillana por una Renta B\u00e1sica Universal nos sentimos muy cercan@s a \u00e9l y plenamente identificados con nuestra entidad hermana malague\u00f1a, el Colectivo Ciudadano Renta B\u00e1sica en M\u00e1laga.<\/p>\n<p><strong>\u00a0Plataforma por la Renta B\u00e1sica Universal de Sevilla y Provincia<\/strong><\/p>\n<p><a href=\"https:\/\/sites.google.com\/site\/ilprentabasicasevilla\/\"><strong>https:\/\/sites.google.com\/site\/ilprentabasicasevilla\/<\/strong><\/a><\/p>\n<p><a href=\"https:\/\/www.facebook.com\/rentabasica.sevilla\"><strong>https:\/\/www.facebook.com\/rentabasica.sevilla<\/strong><\/a><\/p>\n","protected":false},"excerpt":{"rendered":"<p>La Plataforma por la Renta B\u00e1sica Universal de Sevilla y Provincia hace p\u00fablico su apoyo a Paco Vega\u00a0 en su decisi\u00f3n de mantener una huelga de hambre en su ciudad de M\u00e1laga, reclamando de las autoridades la implantaci\u00f3n de la Renta B\u00e1sica Universal. Compartimos las razones que le han llevado \u2026<\/p>\n<p> <a class=\"continue-reading-link\" href=\"https:\/\/www.apdha.org\/sevilla\/comunicado-de-la-plataforma-rbu-de-sevilla-y-provincia-en-apoyo-a-la-huelga-de-hambre-de-paco-vega-en-malaga\/\">Seguir Leyendo<i class=\"icon-right-dir\"><\/i><\/a><\/p>\n","protected":false},"author":1,"featured_media":732,"comment_status":"closed","ping_status":"closed","sticky":false,"template":"","format":"standard","meta":{"footnotes":""},"categories":[1],"tags":[33,96,45,24],"class_list":["post-731","post","type-post","status-publish","format-standard","has-post-thumbnail","hentry","category-comunicados","tag-apdhasevilla","tag-paco-vega","tag-plataforma-renta-basica","tag-renta-basica-universal"],"_links":{"self":[{"href":"https:\/\/www.apdha.org\/sevilla\/wp-json\/wp\/v2\/posts\/731","targetHints":{"allow":["GET"]}}],"collection":[{"href":"https:\/\/www.apdha.org\/sevilla\/wp-json\/wp\/v2\/posts"}],"about":[{"href":"https:\/\/www.apdha.org\/sevilla\/wp-json\/wp\/v2\/types\/post"}],"author":[{"embeddable":true,"href":"https:\/\/www.apdha.org\/sevilla\/wp-json\/wp\/v2\/users\/1"}],"replies":[{"embeddable":true,"href":"https:\/\/www.apdha.org\/sevilla\/wp-json\/wp\/v2\/comments?post=731"}],"version-history":[{"count":1,"href":"https:\/\/www.apdha.org\/sevilla\/wp-json\/wp\/v2\/posts\/731\/revisions"}],"predecessor-version":[{"id":733,"href":"https:\/\/www.apdha.org\/sevilla\/wp-json\/wp\/v2\/posts\/731\/revisions\/733"}],"wp:featuredmedia":[{"embeddable":true,"href":"https:\/\/www.apdha.org\/sevilla\/wp-json\/wp\/v2\/media\/732"}],"wp:attachment":[{"href":"https:\/\/www.apdha.org\/sevilla\/wp-json\/wp\/v2\/media?parent=731"}],"wp:term":[{"taxonomy":"category","embeddable":true,"href":"https:\/\/www.apdha.org\/sevilla\/wp-json\/wp\/v2\/categories?post=731"},{"taxonomy":"post_tag","embeddable":true,"href":"https:\/\/www.apdha.org\/sevilla\/wp-json\/wp\/v2\/tags?post=731"}],"curies":[{"name":"wp","href":"https:\/\/api.w.org\/{rel}","templated":true}]}}