{"id":788,"date":"2017-01-17T14:36:16","date_gmt":"2017-01-17T12:36:16","guid":{"rendered":"http:\/\/www.apdha.org\/sevilla\/?p=788"},"modified":"2017-01-17T14:36:16","modified_gmt":"2017-01-17T12:36:16","slug":"iv-marcha-por-la-dignidad-tarajal-sabado-4-de-febrero-2017-informacion-e-inscripcion-desde-sevilla","status":"publish","type":"post","link":"https:\/\/www.apdha.org\/sevilla\/iv-marcha-por-la-dignidad-tarajal-sabado-4-de-febrero-2017-informacion-e-inscripcion-desde-sevilla\/","title":{"rendered":"IV MARCHA POR LA DIGNIDAD (TARAJAL). S\u00c1BADO 4 DE FEBRERO 2017. INFORMACI\u00d3N E INSCRIPCI\u00d3N DESDE SEVILLA."},"content":{"rendered":"<p><img loading=\"lazy\" decoding=\"async\" class=\"alignleft size-full wp-image-790\" src=\"http:\/\/www.apdha.org\/sevilla\/wp-content\/uploads\/clip_image002.jpg\" alt=\"clip_image002\" width=\"608\" height=\"433\" srcset=\"https:\/\/www.apdha.org\/sevilla\/wp-content\/uploads\/clip_image002.jpg 608w, https:\/\/www.apdha.org\/sevilla\/wp-content\/uploads\/clip_image002-300x214.jpg 300w, https:\/\/www.apdha.org\/sevilla\/wp-content\/uploads\/clip_image002-150x107.jpg 150w\" sizes=\"auto, (max-width: 608px) 100vw, 608px\" \/><\/p>\n<p><strong>IV MARCHA POR LA DIGNIDAD<\/strong><\/p>\n<p><strong>INSCRIPCI\u00d3N MARCHA TARAJAL S\u00c1BADO 4 DE FEBRERO.<\/strong><\/p>\n<p>El s\u00e1bado, 4 de febrero nos encontraremos en una jornada de denuncia y reflexi\u00f3n para recordar a las v\u00edctimas del Tarajal del 2014 y por todas aquellas que han perdido la vida buscando una vida digna. En ella tambi\u00e9n denunciaremos las pol\u00edticas migratorias que Europa est\u00e1 llevando a cabo en la frontera sur.<\/p>\n<p>Aqu\u00ed te mandamos toda la informaci\u00f3n necesaria (para los que salen desde Sevilla) \u00a0para participar en la IV Marcha por la Dignidad al Tarajal (Ceuta):<\/p>\n<p><strong>Desarrollo del d\u00eda:<\/strong><\/p>\n<p>-. Salida de Sevilla: 7:00 h en la Embajada de Portugal (sin parada para desayunar. Aportar el propio desayuno).<br \/>\n-. Llegada terminal m\u00e1ximo 9:45 h.<br \/>\n-. Salida del Ferry: 10:30 h.<br \/>\n-. Llegada a Ceuta (si buena mar): 11:30 h.<br \/>\n-. Mesa redonda en Ayuntamiento: 12:00 h.<br \/>\n-. Comida 14:00 h.<br \/>\n-. Marcha a Tarajal: 16:00 h.<br \/>\n-. Actos en frontera: 17:15 \u00a0a 17:45 h (aproximadamente).<br \/>\n-. Recogida del bus hacia la terminal mar\u00edtima: 18:00 h (aproximadamente).<br \/>\n-. Recogida de tickets 18:30 h.<br \/>\n-. Salida Ferry: 19:15 h.<br \/>\n-. Llegada a Algeciras 20:30 h.<br \/>\n-. Salida para Sevilla: 20:45 h\/21:00 h.<br \/>\n-. Llegada a Sevilla: 2,5 horas despu\u00e9s.<br \/>\n<strong>Sobre la inscripci\u00f3n y el pago:<\/strong><br \/>\nPara formalizar tu inscripci\u00f3n, desde Sevilla, deber\u00e1s ingresar la cantidad de 50 \u20ac* en la siguiente cuenta (Banco Santander):<\/p>\n<p><strong>IBAN ES68 0049 5422 8628 1611 9713 <\/strong>(en el concepto pon tu nombre y apellido)<\/p>\n<p>Y posteriormente rellenar el siguiente formulario: <a href=\"https:\/\/goo.gl\/forms\/ZI2EyuGItz8iGHQV2\" data-saferedirecturl=\"https:\/\/www.google.com\/url?hl=es&amp;q=https:\/\/goo.gl\/forms\/ZI2EyuGItz8iGHQV2&amp;source=gmail&amp;ust=1484742596132000&amp;usg=AFQjCNG8kHFpEaEcvM2o7UXAwgexG9W-ww\">https:\/\/goo.gl\/forms\/ZI2EyuGItz8iGHQV2<\/a><\/p>\n<p>Rogamos que env\u00eden una copia del resguardo (escaneada\/foto) al siguiente correo: <a href=\"mailto:plataformasomosmigrantes@gmail.com\">plataformasomosmigrantes@gmail.com<\/a><\/p>\n<p><strong>Importante<\/strong>: Fecha l\u00edmite de pago 25 de Enero de 2017 (te animamos a que lo hagas lo antes posible).<\/p>\n<p>Para cualquier duda o informaci\u00f3n, ruego contacten a los tel\u00e9fonos: \u00c1frica (954 90 58 67) \/ Domingo (954 54 06 34) y Vanesa (954 53 79 65).<\/p>\n<p><strong><u>Nota:<\/u><\/strong><br \/>\nLa inscripci\u00f3n individual en el formulario es obligatoria, pero si el pago se ha hecho en grupo, anota en concepto el nombre de la entidad y en el correo nos escribes el n\u00famero de personas inscritas as\u00ed como el nombre y apellidos de cada una.<\/p>\n<p>Nos vemos el 4 de Febrero de 2017 a las 7h en la Embajada de Portugal (frente al bar Stop). <u>Te recordamos que si no est\u00e1s all\u00ed a la hora acordada perder\u00e1s tu viaje y el importe pagado.<\/u><\/p>\n<p><strong>\u00a1NO OLVIDES LLEVAR TU DOCUMENTACI\u00d3N!<\/strong><\/p>\n<p>* La cantidad ingresada incluye:<br \/>\n&#8211; Autob\u00fas Ida y vuelta Sevilla \u2013 Algeciras.<br \/>\n&#8211; Ferry a Ceuta.<br \/>\n&#8211; Bocadillo (comida).<br \/>\n&#8211; Autob\u00fas local al puerto.<\/p>\n<p><img loading=\"lazy\" decoding=\"async\" class=\"alignleft size-full wp-image-789\" src=\"http:\/\/www.apdha.org\/sevilla\/wp-content\/uploads\/20170204-tarajal.jpg\" alt=\"20170204 tarajal\" width=\"635\" height=\"451\" srcset=\"https:\/\/www.apdha.org\/sevilla\/wp-content\/uploads\/20170204-tarajal.jpg 635w, https:\/\/www.apdha.org\/sevilla\/wp-content\/uploads\/20170204-tarajal-300x213.jpg 300w, https:\/\/www.apdha.org\/sevilla\/wp-content\/uploads\/20170204-tarajal-150x107.jpg 150w\" sizes=\"auto, (max-width: 635px) 100vw, 635px\" \/><\/p>\n","protected":false},"excerpt":{"rendered":"<p>IV MARCHA POR LA DIGNIDAD INSCRIPCI\u00d3N MARCHA TARAJAL S\u00c1BADO 4 DE FEBRERO. El s\u00e1bado, 4 de febrero nos encontraremos en una jornada de denuncia y reflexi\u00f3n para recordar a las v\u00edctimas del Tarajal del 2014 y por todas aquellas que han perdido la vida buscando una vida digna. En ella \u2026<\/p>\n<p> <a class=\"continue-reading-link\" href=\"https:\/\/www.apdha.org\/sevilla\/iv-marcha-por-la-dignidad-tarajal-sabado-4-de-febrero-2017-informacion-e-inscripcion-desde-sevilla\/\">Seguir Leyendo<i class=\"icon-right-dir\"><\/i><\/a><\/p>\n","protected":false},"author":1,"featured_media":790,"comment_status":"closed","ping_status":"closed","sticky":false,"template":"","format":"standard","meta":{"footnotes":""},"categories":[3],"tags":[38,27,100],"class_list":["post-788","post","type-post","status-publish","format-standard","has-post-thumbnail","hentry","category-actividades","tag-fronteras","tag-plataforma-somos-migrantes","tag-tarajal"],"_links":{"self":[{"href":"https:\/\/www.apdha.org\/sevilla\/wp-json\/wp\/v2\/posts\/788","targetHints":{"allow":["GET"]}}],"collection":[{"href":"https:\/\/www.apdha.org\/sevilla\/wp-json\/wp\/v2\/posts"}],"about":[{"href":"https:\/\/www.apdha.org\/sevilla\/wp-json\/wp\/v2\/types\/post"}],"author":[{"embeddable":true,"href":"https:\/\/www.apdha.org\/sevilla\/wp-json\/wp\/v2\/users\/1"}],"replies":[{"embeddable":true,"href":"https:\/\/www.apdha.org\/sevilla\/wp-json\/wp\/v2\/comments?post=788"}],"version-history":[{"count":1,"href":"https:\/\/www.apdha.org\/sevilla\/wp-json\/wp\/v2\/posts\/788\/revisions"}],"predecessor-version":[{"id":791,"href":"https:\/\/www.apdha.org\/sevilla\/wp-json\/wp\/v2\/posts\/788\/revisions\/791"}],"wp:featuredmedia":[{"embeddable":true,"href":"https:\/\/www.apdha.org\/sevilla\/wp-json\/wp\/v2\/media\/790"}],"wp:attachment":[{"href":"https:\/\/www.apdha.org\/sevilla\/wp-json\/wp\/v2\/media?parent=788"}],"wp:term":[{"taxonomy":"category","embeddable":true,"href":"https:\/\/www.apdha.org\/sevilla\/wp-json\/wp\/v2\/categories?post=788"},{"taxonomy":"post_tag","embeddable":true,"href":"https:\/\/www.apdha.org\/sevilla\/wp-json\/wp\/v2\/tags?post=788"}],"curies":[{"name":"wp","href":"https:\/\/api.w.org\/{rel}","templated":true}]}}