{"id":798,"date":"2017-01-13T18:30:13","date_gmt":"2017-01-13T16:30:13","guid":{"rendered":"http:\/\/www.apdha.org\/sevilla\/?p=798"},"modified":"2017-01-18T18:41:26","modified_gmt":"2017-01-18T16:41:26","slug":"sevilla-se-suma-este-sabado-21-a-las-1200-horas-al-dia-europeo-de-acciones-descentralizadas-contra-el-ceta","status":"publish","type":"post","link":"https:\/\/www.apdha.org\/sevilla\/sevilla-se-suma-este-sabado-21-a-las-1200-horas-al-dia-europeo-de-acciones-descentralizadas-contra-el-ceta\/","title":{"rendered":"SEVILLA SE SUMA, ESTE S\u00c1BADO 21 A LAS 12:00 HORAS, AL D\u00cdA EUROPEO DE ACCIONES DESCENTRALIZADAS CONTRA EL CETA"},"content":{"rendered":"<p><img loading=\"lazy\" decoding=\"async\" class=\"alignleft size-full wp-image-799\" src=\"http:\/\/www.apdha.org\/sevilla\/wp-content\/uploads\/CARTEL21.01_1.png\" alt=\"CARTEL21.01_1\" width=\"920\" height=\"1301\" srcset=\"https:\/\/www.apdha.org\/sevilla\/wp-content\/uploads\/CARTEL21.01_1.png 920w, https:\/\/www.apdha.org\/sevilla\/wp-content\/uploads\/CARTEL21.01_1-212x300.png 212w, https:\/\/www.apdha.org\/sevilla\/wp-content\/uploads\/CARTEL21.01_1-768x1086.png 768w, https:\/\/www.apdha.org\/sevilla\/wp-content\/uploads\/CARTEL21.01_1-724x1024.png 724w, https:\/\/www.apdha.org\/sevilla\/wp-content\/uploads\/CARTEL21.01_1-106x150.png 106w\" sizes=\"auto, (max-width: 920px) 100vw, 920px\" \/><\/p>\n<p><strong>La CONCENTRACI\u00d3N en Sevilla ser\u00e1 este s\u00e1bado 21, a las 12:00 horas, \u00a0en Plaza Nueva, frente al Ayuntamiento.<\/strong><strong>\u00a0 M\u00e1s informaci\u00f3n sobre las acciones en:\u00a0<\/strong><strong>\u00a0<\/strong><a href=\"http:\/\/www.noalttip.org\"><strong>www.noalttip.org<\/strong><\/a><\/p>\n<p><strong>COMUNICADO DE PRENSA<\/strong><\/p>\n<p><strong>Andaluc\u00eda se suma al d\u00eda europeo de acciones descentralizadas contra el CETA<\/strong><\/p>\n<p style=\"text-align: justify;\">(Andaluc\u00eda, 13 de enero de 2017).\u2014El Tratado Econ\u00f3mico y Comercial entre la Uni\u00f3n Europea y Canad\u00e1, (<strong>CETA<\/strong> por sus siglas en ingl\u00e9s), y tambi\u00e9n conocido como el \u201cTTIP canadiense\u201d, por sus similitudes con ese acuerdo, se encuentra en la <strong>fase final de su proceso de ratificaci\u00f3n<\/strong>.<\/p>\n<p style=\"text-align: justify;\">El 24 de enero el CETA ser\u00e1 votado en la Comisi\u00f3n de Comercio Internacional (INTA) del Parlamento Europeo. <strong>Las organizaciones que formamos parte de la campa\u00f1a NO al TTIP, CETA, TiSA nos sumamos en Andaluc\u00eda a la jornada europea de movilizaciones del 21 de enero, animando a la participaci\u00f3n a la ciudadan\u00eda andaluza; mostramos nuestro rotundo rechazo a este acuerdo comercial<\/strong><strong>,\u00a0y conminamos al Parlamento Europeo, al Parlamento canadiense y a los parlamentos nacionales, provinciales y regionales, <\/strong>que tienen voz y voto en el proceso de ratificaci\u00f3n,<strong>\u00a0<\/strong><strong>a defender los derechos y los intereses de las poblaciones que representan contra las amenazas que implica el CETA, votando en contra de la ratificaci\u00f3n del tratado.<\/strong><\/p>\n<p style=\"text-align: justify;\">En la siguiente fase del proceso, la \u00faltima antes de su aplicaci\u00f3n provisional, el acuerdo en su totalidad (sin posibilidad de a\u00f1adir enmiendas) ser\u00e1<strong> votado en el pleno del Parlamento Europeo<\/strong>, en los <strong>primeros d\u00edas de febrero<\/strong>. En caso de ser ratificado, amplias secciones del tratado comenzar\u00edan a aplicarse provisionalmente, de forma previa a la ratificaci\u00f3n final por parte de los distintos parlamentos nacionales.<\/p>\n<p style=\"text-align: justify;\">El CETA ha sido cuestionado por amplios sectores de la sociedad civil, tanto en la Uni\u00f3n Europea como en Canad\u00e1 por no ofrecer garant\u00edas respecto a la protecci\u00f3n del medio ambiente y los derechos fundamentales de las personas. En la Uni\u00f3n Europea, m\u00e1s de 3,5 millones de personas han firmado una petici\u00f3n en contra del CETA y su tratado gemelo, el TTIP, que negocian Estados Unidos y la Uni\u00f3n Europea.<\/p>\n<p style=\"text-align: justify;\">A pesar de que varios anexos y \u201cdeclaraciones interpretativas\u201d han sido a\u00f1adidas al CETA a posteriori para tratar de sumar apoyos, estos textos no modifican sustancialmente el acuerdo, que contin\u00faa presentando numerosos problemas:<\/p>\n<ul style=\"text-align: justify;\">\n<li>El CETA autorizar\u00eda a <strong>miles de corporaciones a demandar a los gobiernos<\/strong> por adoptar medidas leg\u00edtimas y no discriminatorias para la protecci\u00f3n de la poblaci\u00f3n y del planeta a trav\u00e9s de un sistema de resoluci\u00f3n de conflictos inversor-estado (<strong>ICS<\/strong>) de acceso exclusivo a los inversores extranjeros. Un aut\u00e9ntico sistema legal paralelo al que las corporaciones pueden acudir para defender sus derechos eludiendo los tribunales existentes, y al que ni las organizaciones de la sociedad civil ni las empresas nacionales tienen acceso.<\/li>\n<li>El CETA limita seriamente la capacidad de los gobiernos para crear, expandir y regular los <strong>servicios p\u00fablicos<\/strong> y para revertir liberalizaciones y privatizaciones fracasadas.<\/li>\n<li>El CETA hace que Canad\u00e1 y la Uni\u00f3n Europea sean m\u00e1s <strong>vulnerables a las crisis financieras<\/strong> puesto que se producir\u00e1 una mayor liberalizaci\u00f3n de los mercados financieros.<\/li>\n<li>Un estudio independiente de los impactos econ\u00f3micos del CETA predice que <strong>se perder\u00e1n puestos de trabajo<\/strong> tanto en la Uni\u00f3n Europea como en Canad\u00e1, y que los peque\u00f1os beneficios del tratado ser\u00e1n fundamentalmente para los due\u00f1os del capital, con el consiguiente aumento de la desigualdad.<\/li>\n<li>El CETA podr\u00eda <strong>aumentar el coste de las prescripciones de medicamentos<\/strong> e impactar\u00eda negativamente en derechos fundamentales como el derecho a la privacidad y a la protecci\u00f3n de datos. Tambi\u00e9n limitar\u00eda la capacidad tanto de la Uni\u00f3n Europea como de Canad\u00e1 de actuar contra patentes excesivas.<\/li>\n<li>Las normas del CETA en cuanto a cooperaci\u00f3n reguladora y\u00a0 a las regulaciones nacionales pondr\u00e1n obst\u00e1culos adicionales a las regulaciones y <strong>reforzar\u00e1n el papel de los lobbistas corporativos<\/strong> en los procesos de elaboraci\u00f3n de las pol\u00edticas, socavando potencialmente la adopci\u00f3n de pol\u00edticas de inter\u00e9s p\u00fablico.<\/li>\n<li>En ambos lados del Atl\u00e1ntico, el CETA expondr\u00eda a los agricultores a unas presiones competitivas que minar\u00edan su modo de vida, <strong>obstruir\u00eda las pol\u00edticas de compra p\u00fablica de alimentos locales y amenazar\u00eda los est\u00e1ndares de producci\u00f3n y procesamiento de alimentos<\/strong>, haciendo imposible el desarrollo de una agricultura sostenible.<\/li>\n<li><strong>Las medidas de precauci\u00f3n para proteger a los consumidores, a la salud p\u00fablica y al medio ambiente pueden ser puestas en cuesti\u00f3n por el CETA<\/strong>, ya que ni en el texto ni en las declaraciones anexas se protege expl\u00edcitamente el principio de precauci\u00f3n en la pol\u00edtica regulatoria europea.<\/li>\n<li>El <strong>CETA agravar\u00e1 la condici\u00f3n de Andaluc\u00eda como territorio perif\u00e9rico<\/strong>, aumentar\u00e1 el plus de explotaci\u00f3n del capital sobre la fuerza del trabajo y agravar\u00e1 tambi\u00e9n la explotaci\u00f3n de g\u00e9nero.<\/li>\n<\/ul>\n<p>Para contactar:\u00a0sevillanoalttip@gmail.com<\/p>\n","protected":false},"excerpt":{"rendered":"<p>La CONCENTRACI\u00d3N en Sevilla ser\u00e1 este s\u00e1bado 21, a las 12:00 horas, \u00a0en Plaza Nueva, frente al Ayuntamiento.\u00a0 M\u00e1s informaci\u00f3n sobre las acciones en:\u00a0\u00a0www.noalttip.org COMUNICADO DE PRENSA Andaluc\u00eda se suma al d\u00eda europeo de acciones descentralizadas contra el CETA (Andaluc\u00eda, 13 de enero de 2017).\u2014El Tratado Econ\u00f3mico y Comercial entre \u2026<\/p>\n<p> <a class=\"continue-reading-link\" href=\"https:\/\/www.apdha.org\/sevilla\/sevilla-se-suma-este-sabado-21-a-las-1200-horas-al-dia-europeo-de-acciones-descentralizadas-contra-el-ceta\/\">Seguir Leyendo<i class=\"icon-right-dir\"><\/i><\/a><\/p>\n","protected":false},"author":1,"featured_media":799,"comment_status":"closed","ping_status":"closed","sticky":false,"template":"","format":"standard","meta":{"footnotes":""},"categories":[3,2],"tags":[102,101,31],"class_list":["post-798","post","type-post","status-publish","format-standard","has-post-thumbnail","hentry","category-actividades","category-campanas","tag-ni-ceta-ni","tag-no-ceta","tag-ttip"],"_links":{"self":[{"href":"https:\/\/www.apdha.org\/sevilla\/wp-json\/wp\/v2\/posts\/798","targetHints":{"allow":["GET"]}}],"collection":[{"href":"https:\/\/www.apdha.org\/sevilla\/wp-json\/wp\/v2\/posts"}],"about":[{"href":"https:\/\/www.apdha.org\/sevilla\/wp-json\/wp\/v2\/types\/post"}],"author":[{"embeddable":true,"href":"https:\/\/www.apdha.org\/sevilla\/wp-json\/wp\/v2\/users\/1"}],"replies":[{"embeddable":true,"href":"https:\/\/www.apdha.org\/sevilla\/wp-json\/wp\/v2\/comments?post=798"}],"version-history":[{"count":1,"href":"https:\/\/www.apdha.org\/sevilla\/wp-json\/wp\/v2\/posts\/798\/revisions"}],"predecessor-version":[{"id":800,"href":"https:\/\/www.apdha.org\/sevilla\/wp-json\/wp\/v2\/posts\/798\/revisions\/800"}],"wp:featuredmedia":[{"embeddable":true,"href":"https:\/\/www.apdha.org\/sevilla\/wp-json\/wp\/v2\/media\/799"}],"wp:attachment":[{"href":"https:\/\/www.apdha.org\/sevilla\/wp-json\/wp\/v2\/media?parent=798"}],"wp:term":[{"taxonomy":"category","embeddable":true,"href":"https:\/\/www.apdha.org\/sevilla\/wp-json\/wp\/v2\/categories?post=798"},{"taxonomy":"post_tag","embeddable":true,"href":"https:\/\/www.apdha.org\/sevilla\/wp-json\/wp\/v2\/tags?post=798"}],"curies":[{"name":"wp","href":"https:\/\/api.w.org\/{rel}","templated":true}]}}