{"id":805,"date":"2017-01-26T00:33:23","date_gmt":"2017-01-25T22:33:23","guid":{"rendered":"http:\/\/www.apdha.org\/sevilla\/?p=805"},"modified":"2017-01-26T00:33:23","modified_gmt":"2017-01-25T22:33:23","slug":"mesa-redonda-voces-de-mujeres-por-la-paz-en-colombia-31-de-enero-a-las-1900-horas","status":"publish","type":"post","link":"https:\/\/www.apdha.org\/sevilla\/mesa-redonda-voces-de-mujeres-por-la-paz-en-colombia-31-de-enero-a-las-1900-horas\/","title":{"rendered":"MESA REDONDA: VOCES DE MUJERES POR LA PAZ EN COLOMBIA (31 de Enero, a las 19:00 horas)"},"content":{"rendered":"<p style=\"text-align: justify;\"><img loading=\"lazy\" decoding=\"async\" class=\"alignleft size-full wp-image-806\" src=\"http:\/\/www.apdha.org\/sevilla\/wp-content\/uploads\/Mujeres-Horiz.png\" alt=\"Mujeres Horiz\" width=\"1058\" height=\"794\" srcset=\"https:\/\/www.apdha.org\/sevilla\/wp-content\/uploads\/Mujeres-Horiz.png 1058w, https:\/\/www.apdha.org\/sevilla\/wp-content\/uploads\/Mujeres-Horiz-300x225.png 300w, https:\/\/www.apdha.org\/sevilla\/wp-content\/uploads\/Mujeres-Horiz-768x576.png 768w, https:\/\/www.apdha.org\/sevilla\/wp-content\/uploads\/Mujeres-Horiz-1024x768.png 1024w, https:\/\/www.apdha.org\/sevilla\/wp-content\/uploads\/Mujeres-Horiz-150x113.png 150w\" sizes=\"auto, (max-width: 1058px) 100vw, 1058px\" \/><\/p>\n<p style=\"text-align: justify;\">El <strong>martes, 31 de enero de 2017 a las 19h,<\/strong> tendr\u00e1 lugar una mesa redonda con las defensoras y lideresas colombianas Piedad C\u00f3rdoba, Gloria In\u00e9s Ram\u00edrez, Luz Marina Bernal, Jahel Quiroga y Patricia Ariza que nos hablaran sobre la lucha, desde la perspectiva femenina, en el proceso de Paz en Colombia.<\/p>\n<p style=\"text-align: justify;\">Cinco mujeres emblem\u00e1ticas en favor de la defensa de los Derechos Humanos y de la Paz como derecho fundamental. Tres de las cuales pertenecen a Marcha Patri\u00f3tica, movimiento social y pol\u00edtico que se ha dedicado a la construcci\u00f3n de la Paz y a la defensa de los Acuerdos en el territorio. Por esa raz\u00f3n, sus integrantes est\u00e1n en el punto de mira de los sectores de la extrema derecha que est\u00e1n en contra de la paz. Hasta hoy, 124 de sus integrantes han sido asesinados (entre el 2011 al 2016).<\/p>\n<p style=\"text-align: justify;\"><strong>PERFILES:<\/strong><\/p>\n<p style=\"text-align: justify;\"><strong>Piedad C\u00f3rdoba<\/strong>, dirigente pol\u00edtica y social, gestora de paz ex-senadora de la Rep\u00fablica y vocera del movimiento social y pol\u00edtico Marcha Patri\u00f3tica.<\/p>\n<p style=\"text-align: justify;\"><strong>Gloria In\u00e9s Ram\u00edrez<\/strong>, ex-senadora de la Rep\u00fablica, defensora de los Derechos de las Mujeres, present\u00f3 al Congreso proyectos de ley en contra de los feminicidios. Es vicepresidenta de la Federaci\u00f3n Internacional de Mujeres y vocera de Marcha Patri\u00f3tica.<\/p>\n<p style=\"text-align: justify;\"><strong>Patricia Ariza<\/strong>, destacada artista, dramaturga y directora del Teatro la Candelaria. Defensora de los derechos culturales, se ha destacado por su trabajo art\u00edstico y cultural por la paz. Es sobreviviente del genocidio contra la Uni\u00f3n Patri\u00f3tica y vocera de la Marcha Patri\u00f3tica.<\/p>\n<p style=\"text-align: justify;\"><strong>Jahel Quiroga<\/strong>, defensora de los derechos de las v\u00edctimas del genocidio cometido contra la Uni\u00f3n Patri\u00f3tica, movimiento pol\u00edtico constituido en el proceso fallido de Paz de Belisario Betancur en 1.985, contra el cu\u00e1l se cometi\u00f3 un genocidio pol\u00edtico.<\/p>\n<p style=\"text-align: justify;\"><strong>Luz Marina Berna<\/strong>, es una de las personas que ha liderado la denuncia nacional e internacional de los Falsos Positivos, mostr\u00e1ndolos como cr\u00edmenes de Estado.<\/p>\n<p style=\"text-align: justify;\">La mesa redonda est\u00e1 organizada por: Plataforma Andaluza por la Paz en Colombia, Mujeres Supervivientes, Mujeres de Negro, Movimiento Democr\u00e1tico de Mujeres y APDHA.<\/p>\n","protected":false},"excerpt":{"rendered":"<p>El martes, 31 de enero de 2017 a las 19h, tendr\u00e1 lugar una mesa redonda con las defensoras y lideresas colombianas Piedad C\u00f3rdoba, Gloria In\u00e9s Ram\u00edrez, Luz Marina Bernal, Jahel Quiroga y Patricia Ariza que nos hablaran sobre la lucha, desde la perspectiva femenina, en el proceso de Paz en \u2026<\/p>\n<p> <a class=\"continue-reading-link\" href=\"https:\/\/www.apdha.org\/sevilla\/mesa-redonda-voces-de-mujeres-por-la-paz-en-colombia-31-de-enero-a-las-1900-horas\/\">Seguir Leyendo<i class=\"icon-right-dir\"><\/i><\/a><\/p>\n","protected":false},"author":1,"featured_media":806,"comment_status":"closed","ping_status":"closed","sticky":false,"template":"","format":"standard","meta":{"footnotes":""},"categories":[3],"tags":[33,23,103,19],"class_list":["post-805","post","type-post","status-publish","format-standard","has-post-thumbnail","hentry","category-actividades","tag-apdhasevilla","tag-derechos-humanos","tag-paz-en-colombia","tag-violencia-de-genero"],"_links":{"self":[{"href":"https:\/\/www.apdha.org\/sevilla\/wp-json\/wp\/v2\/posts\/805","targetHints":{"allow":["GET"]}}],"collection":[{"href":"https:\/\/www.apdha.org\/sevilla\/wp-json\/wp\/v2\/posts"}],"about":[{"href":"https:\/\/www.apdha.org\/sevilla\/wp-json\/wp\/v2\/types\/post"}],"author":[{"embeddable":true,"href":"https:\/\/www.apdha.org\/sevilla\/wp-json\/wp\/v2\/users\/1"}],"replies":[{"embeddable":true,"href":"https:\/\/www.apdha.org\/sevilla\/wp-json\/wp\/v2\/comments?post=805"}],"version-history":[{"count":1,"href":"https:\/\/www.apdha.org\/sevilla\/wp-json\/wp\/v2\/posts\/805\/revisions"}],"predecessor-version":[{"id":807,"href":"https:\/\/www.apdha.org\/sevilla\/wp-json\/wp\/v2\/posts\/805\/revisions\/807"}],"wp:featuredmedia":[{"embeddable":true,"href":"https:\/\/www.apdha.org\/sevilla\/wp-json\/wp\/v2\/media\/806"}],"wp:attachment":[{"href":"https:\/\/www.apdha.org\/sevilla\/wp-json\/wp\/v2\/media?parent=805"}],"wp:term":[{"taxonomy":"category","embeddable":true,"href":"https:\/\/www.apdha.org\/sevilla\/wp-json\/wp\/v2\/categories?post=805"},{"taxonomy":"post_tag","embeddable":true,"href":"https:\/\/www.apdha.org\/sevilla\/wp-json\/wp\/v2\/tags?post=805"}],"curies":[{"name":"wp","href":"https:\/\/api.w.org\/{rel}","templated":true}]}}