{"id":888,"date":"2017-05-18T14:49:00","date_gmt":"2017-05-18T12:49:00","guid":{"rendered":"http:\/\/www.apdha.org\/sevilla\/?p=888"},"modified":"2017-05-18T14:49:00","modified_gmt":"2017-05-18T12:49:00","slug":"vii-vela-por-los-derechos-humanos","status":"publish","type":"post","link":"https:\/\/www.apdha.org\/sevilla\/vii-vela-por-los-derechos-humanos\/","title":{"rendered":"VII Vel\u00e1 por los derechos humanos"},"content":{"rendered":"<p><img loading=\"lazy\" decoding=\"async\" class=\"alignleft size-full wp-image-889\" src=\"http:\/\/www.apdha.org\/sevilla\/wp-content\/uploads\/VELA-2017-web.jpg\" alt=\"VELA-2017-web\" width=\"400\" height=\"566\" srcset=\"https:\/\/www.apdha.org\/sevilla\/wp-content\/uploads\/VELA-2017-web.jpg 400w, https:\/\/www.apdha.org\/sevilla\/wp-content\/uploads\/VELA-2017-web-212x300.jpg 212w, https:\/\/www.apdha.org\/sevilla\/wp-content\/uploads\/VELA-2017-web-106x150.jpg 106w\" sizes=\"auto, (max-width: 400px) 100vw, 400px\" \/><strong>Fecha y hora<\/strong>: viernes 26\/05\/2017, a las 20 horas.<\/p>\n<p><strong>Lugar<\/strong>: sede\u00a0APDHA, C\/Blanco White5, Sevilla.<\/p>\n<p>La Delegaci\u00f3n de Sevilla de la Asociaci\u00f3n Pro Derechos Humanos de Andaluc\u00eda, por s\u00e9ptimo a\u00f1o te invita a participar en la VEL\u00c1 POR LOS DERECHOS HUMANOS el viernes 26 de mayo a las 20.00h.<\/p>\n<p>Nuestra intenci\u00f3n es pasar un buen rato juntos y recaudar fondos para las actividades que realizamos en la asociaci\u00f3n.<\/p>\n<p>Habr\u00e1 tapas, bebidas, mercadillos y m\u00fasica en directo.<\/p>\n<p><strong>\u00a1Te esperamos!<\/strong><\/p>\n","protected":false},"excerpt":{"rendered":"<p>Fecha y hora: viernes 26\/05\/2017, a las 20 horas. Lugar: sede\u00a0APDHA, C\/Blanco White5, Sevilla. La Delegaci\u00f3n de Sevilla de la Asociaci\u00f3n Pro Derechos Humanos de Andaluc\u00eda, por s\u00e9ptimo a\u00f1o te invita a participar en la VEL\u00c1 POR LOS DERECHOS HUMANOS el viernes 26 de mayo a las 20.00h. Nuestra intenci\u00f3n \u2026<\/p>\n<p> <a class=\"continue-reading-link\" href=\"https:\/\/www.apdha.org\/sevilla\/vii-vela-por-los-derechos-humanos\/\">Seguir Leyendo<i class=\"icon-right-dir\"><\/i><\/a><\/p>\n","protected":false},"author":1,"featured_media":889,"comment_status":"closed","ping_status":"closed","sticky":false,"template":"","format":"standard","meta":{"footnotes":""},"categories":[3],"tags":[42],"class_list":["post-888","post","type-post","status-publish","format-standard","has-post-thumbnail","hentry","category-actividades","tag-vela"],"_links":{"self":[{"href":"https:\/\/www.apdha.org\/sevilla\/wp-json\/wp\/v2\/posts\/888","targetHints":{"allow":["GET"]}}],"collection":[{"href":"https:\/\/www.apdha.org\/sevilla\/wp-json\/wp\/v2\/posts"}],"about":[{"href":"https:\/\/www.apdha.org\/sevilla\/wp-json\/wp\/v2\/types\/post"}],"author":[{"embeddable":true,"href":"https:\/\/www.apdha.org\/sevilla\/wp-json\/wp\/v2\/users\/1"}],"replies":[{"embeddable":true,"href":"https:\/\/www.apdha.org\/sevilla\/wp-json\/wp\/v2\/comments?post=888"}],"version-history":[{"count":2,"href":"https:\/\/www.apdha.org\/sevilla\/wp-json\/wp\/v2\/posts\/888\/revisions"}],"predecessor-version":[{"id":891,"href":"https:\/\/www.apdha.org\/sevilla\/wp-json\/wp\/v2\/posts\/888\/revisions\/891"}],"wp:featuredmedia":[{"embeddable":true,"href":"https:\/\/www.apdha.org\/sevilla\/wp-json\/wp\/v2\/media\/889"}],"wp:attachment":[{"href":"https:\/\/www.apdha.org\/sevilla\/wp-json\/wp\/v2\/media?parent=888"}],"wp:term":[{"taxonomy":"category","embeddable":true,"href":"https:\/\/www.apdha.org\/sevilla\/wp-json\/wp\/v2\/categories?post=888"},{"taxonomy":"post_tag","embeddable":true,"href":"https:\/\/www.apdha.org\/sevilla\/wp-json\/wp\/v2\/tags?post=888"}],"curies":[{"name":"wp","href":"https:\/\/api.w.org\/{rel}","templated":true}]}}