{"id":892,"date":"2017-05-24T17:04:39","date_gmt":"2017-05-24T15:04:39","guid":{"rendered":"http:\/\/www.apdha.org\/sevilla\/?p=892"},"modified":"2017-05-24T17:04:39","modified_gmt":"2017-05-24T15:04:39","slug":"una-vela-entranable","status":"publish","type":"post","link":"https:\/\/www.apdha.org\/sevilla\/una-vela-entranable\/","title":{"rendered":"Una Vel\u00e1 entra\u00f1able"},"content":{"rendered":"<p><img loading=\"lazy\" decoding=\"async\" class=\"alignleft size-full wp-image-893\" src=\"http:\/\/www.apdha.org\/sevilla\/wp-content\/uploads\/13246176_352844541506112_6924503414816459513_o.jpg\" alt=\"13246176_352844541506112_6924503414816459513_o\" width=\"972\" height=\"729\" srcset=\"https:\/\/www.apdha.org\/sevilla\/wp-content\/uploads\/13246176_352844541506112_6924503414816459513_o.jpg 972w, https:\/\/www.apdha.org\/sevilla\/wp-content\/uploads\/13246176_352844541506112_6924503414816459513_o-300x225.jpg 300w, https:\/\/www.apdha.org\/sevilla\/wp-content\/uploads\/13246176_352844541506112_6924503414816459513_o-768x576.jpg 768w, https:\/\/www.apdha.org\/sevilla\/wp-content\/uploads\/13246176_352844541506112_6924503414816459513_o-150x113.jpg 150w\" sizes=\"auto, (max-width: 972px) 100vw, 972px\" \/><\/p>\n<p>Desde hace algunos a\u00f1os la delegaci\u00f3n de APDHA en Sevilla organizamos por estas fechas nuestra Vel\u00e1, y por ella han ido pasando mucha\u00a0 buena gente.<\/p>\n<p>Personas con la que compartimos luchas y esperanzas en el d\u00eda a d\u00eda,\u00a0 o que nos quieren y nos acompa\u00f1an, desde una distancia tan corta\u2026 que las sentimos a nuestro lado.<\/p>\n<p>Para APDHA es un momento de encuentro entra\u00f1able con \u00a0esa gente a la queremos, nuestros compa\u00f1eros y compa\u00f1eras de viaje que, desde otros colectivos y espacios, forman parte de nuestra cotidianidad, de nuestra lucha por un mundo m\u00e1s justo y humano.\u00a0\u00a0 Personas que no dan la espalda al que sufre cruelmente un sistema econ\u00f3mico que pone el dinero en el centro de sus objetivos y que deja al margen a tanta y tanta gente: las personas presas, las sin techo, las trabajadoras sexuales, las desahuciadas, las migrantes y \u00a0en general, a todas las personas que son excluidas en nuestra sociedad.<\/p>\n<p>Os esperamos este viernes 26 en la Vel\u00e1, porque os queremos, \u00a0porque notamos cuando falt\u00e1is y \u00a0porque muchas veces el estr\u00e9s del trabajo diario\u00a0 no nos deja disfrutaros y la Vel\u00e1 es para nosotras la excusa perfecta para compartir un espacio distendido, festivo y poder disfrutarnos como nos merecemos.<\/p>\n<p>Pablo Mar\u00eda Fern\u00e1ndez.<\/p>\n<p>Delegado de APDHA en Sevilla.<\/p>\n<p><img loading=\"lazy\" decoding=\"async\" class=\"alignleft size-full wp-image-889\" src=\"http:\/\/www.apdha.org\/sevilla\/wp-content\/uploads\/VELA-2017-web.jpg\" alt=\"VELA-2017-web\" width=\"400\" height=\"566\" srcset=\"https:\/\/www.apdha.org\/sevilla\/wp-content\/uploads\/VELA-2017-web.jpg 400w, https:\/\/www.apdha.org\/sevilla\/wp-content\/uploads\/VELA-2017-web-212x300.jpg 212w, https:\/\/www.apdha.org\/sevilla\/wp-content\/uploads\/VELA-2017-web-106x150.jpg 106w\" sizes=\"auto, (max-width: 400px) 100vw, 400px\" \/><\/p>\n","protected":false},"excerpt":{"rendered":"<p>Desde hace algunos a\u00f1os la delegaci\u00f3n de APDHA en Sevilla organizamos por estas fechas nuestra Vel\u00e1, y por ella han ido pasando mucha\u00a0 buena gente. Personas con la que compartimos luchas y esperanzas en el d\u00eda a d\u00eda,\u00a0 o que nos quieren y nos acompa\u00f1an, desde una distancia tan corta\u2026 \u2026<\/p>\n<p> <a class=\"continue-reading-link\" href=\"https:\/\/www.apdha.org\/sevilla\/una-vela-entranable\/\">Seguir Leyendo<i class=\"icon-right-dir\"><\/i><\/a><\/p>\n","protected":false},"author":1,"featured_media":893,"comment_status":"closed","ping_status":"closed","sticky":false,"template":"","format":"standard","meta":{"footnotes":""},"categories":[3,5],"tags":[],"class_list":["post-892","post","type-post","status-publish","format-standard","has-post-thumbnail","hentry","category-actividades","category-opinion-otros"],"_links":{"self":[{"href":"https:\/\/www.apdha.org\/sevilla\/wp-json\/wp\/v2\/posts\/892","targetHints":{"allow":["GET"]}}],"collection":[{"href":"https:\/\/www.apdha.org\/sevilla\/wp-json\/wp\/v2\/posts"}],"about":[{"href":"https:\/\/www.apdha.org\/sevilla\/wp-json\/wp\/v2\/types\/post"}],"author":[{"embeddable":true,"href":"https:\/\/www.apdha.org\/sevilla\/wp-json\/wp\/v2\/users\/1"}],"replies":[{"embeddable":true,"href":"https:\/\/www.apdha.org\/sevilla\/wp-json\/wp\/v2\/comments?post=892"}],"version-history":[{"count":1,"href":"https:\/\/www.apdha.org\/sevilla\/wp-json\/wp\/v2\/posts\/892\/revisions"}],"predecessor-version":[{"id":894,"href":"https:\/\/www.apdha.org\/sevilla\/wp-json\/wp\/v2\/posts\/892\/revisions\/894"}],"wp:featuredmedia":[{"embeddable":true,"href":"https:\/\/www.apdha.org\/sevilla\/wp-json\/wp\/v2\/media\/893"}],"wp:attachment":[{"href":"https:\/\/www.apdha.org\/sevilla\/wp-json\/wp\/v2\/media?parent=892"}],"wp:term":[{"taxonomy":"category","embeddable":true,"href":"https:\/\/www.apdha.org\/sevilla\/wp-json\/wp\/v2\/categories?post=892"},{"taxonomy":"post_tag","embeddable":true,"href":"https:\/\/www.apdha.org\/sevilla\/wp-json\/wp\/v2\/tags?post=892"}],"curies":[{"name":"wp","href":"https:\/\/api.w.org\/{rel}","templated":true}]}}