{"id":931,"date":"2017-09-28T16:22:37","date_gmt":"2017-09-28T14:22:37","guid":{"rendered":"http:\/\/www.apdha.org\/sevilla\/?p=931"},"modified":"2017-09-28T16:22:37","modified_gmt":"2017-09-28T14:22:37","slug":"la-vida-despues-de-la-prision","status":"publish","type":"post","link":"https:\/\/www.apdha.org\/sevilla\/la-vida-despues-de-la-prision\/","title":{"rendered":"LA VIDA DESPU\u00c9S DE LA PRISI\u00d3N. Dificultades y retos"},"content":{"rendered":"<p><strong><img loading=\"lazy\" decoding=\"async\" class=\"aligncenter size-full wp-image-932\" src=\"http:\/\/www.apdha.org\/sevilla\/wp-content\/uploads\/20171019-PRISION-web.jpg\" alt=\"20171019 PRISION web\" width=\"700\" height=\"989\" srcset=\"https:\/\/www.apdha.org\/sevilla\/wp-content\/uploads\/20171019-PRISION-web.jpg 700w, https:\/\/www.apdha.org\/sevilla\/wp-content\/uploads\/20171019-PRISION-web-212x300.jpg 212w, https:\/\/www.apdha.org\/sevilla\/wp-content\/uploads\/20171019-PRISION-web-106x150.jpg 106w\" sizes=\"auto, (max-width: 700px) 100vw, 700px\" \/>Fecha y hora:<\/strong> Jueves, 19 de octubre a las 19h<\/p>\n<p><strong>Lugar:<\/strong> Sede APDHA (C\/ Blanco White 5 Acc. A, Sevilla)<\/p>\n<p>Al salir de prisi\u00f3n no se acaban los problemas para las personas que han estado presas. Pasar tiempo en la c\u00e1rcel tiene importantes consecuencias sobre el cuerpo y la mente de una persona y eso va a suponer una sobrecarga que dificulta su vida en libertad.<\/p>\n<p>Cuando la persona presa sale en libertad, tanto la familia como los profesionales tienen una importante labor para ayudarles a mirar hacia adelante.<\/p>\n<p>En ocasiones nos encontramos con personas con un rencor generalizado hacia toda instituci\u00f3n, en otras un victimismo autojustificativo que les lleva a quedarse parados y en otras una gran dificultad para volver a ser protagonistas de su propia vida y construir un proyecto vital. Todo esto son secuelas de la c\u00e1rcel, que dificultan que la persona pueda desarrollar una vida plena en libertad. Tambi\u00e9n para la familia, que tanto ansiaba esa libertad, la nueva situaci\u00f3n es complicada y muchas veces supone una carga excesiva y dif\u00edcil de manejar.<\/p>\n<p>Trabajar sobre esta cuesti\u00f3n, conocer la realidad, ver alternativas y posibilidades consideramos que es fundamental tanto para ayudar a las personas que estuvieron en la c\u00e1rcel como a sus familiares en esta nueva etapa llena de retos y de dificultades. Con ese fin la APDHA ha organizado este encuentro que tendr\u00e1 lugar el <strong>pr\u00f3ximo jueves, 19 de octubre a las 19.00h en la Sede de APDHA<\/strong> y que contar\u00e1 con las intervenciones de<strong> M\u00aa Luisa D\u00edaz Quintero<\/strong>, coordinadora del Servicio de Orientaci\u00f3n y Asistencia Jur\u00eddica Penitenciaria (SOAJP) de Sevilla y abogada de la Federaci\u00f3n Enlace y Federaci\u00f3n Liberaci\u00f3n, y con <strong>Rosa Nieto L\u00f3pez<\/strong>, psic\u00f3loga de la Federaci\u00f3n Liberaci\u00f3n y t\u00e9cnica de inserci\u00f3n en el programa reincorpora de la Obra social La Caixa.<\/p>\n<p>Tambi\u00e9n contaremos con la participaci\u00f3n de familiares de personas presas.<\/p>\n<p>Animamos a todas las personas a participar.<\/p>\n<p>Te esperamos.<\/p>\n","protected":false},"excerpt":{"rendered":"<p>Fecha y hora: Jueves, 19 de octubre a las 19h Lugar: Sede APDHA (C\/ Blanco White 5 Acc. A, Sevilla) Al salir de prisi\u00f3n no se acaban los problemas para las personas que han estado presas. Pasar tiempo en la c\u00e1rcel tiene importantes consecuencias sobre el cuerpo y la mente \u2026<\/p>\n<p> <a class=\"continue-reading-link\" href=\"https:\/\/www.apdha.org\/sevilla\/la-vida-despues-de-la-prision\/\">Seguir Leyendo<i class=\"icon-right-dir\"><\/i><\/a><\/p>\n","protected":false},"author":1,"featured_media":932,"comment_status":"closed","ping_status":"closed","sticky":false,"template":"","format":"standard","meta":{"footnotes":""},"categories":[3],"tags":[10],"class_list":["post-931","post","type-post","status-publish","format-standard","has-post-thumbnail","hentry","category-actividades","tag-carceles"],"_links":{"self":[{"href":"https:\/\/www.apdha.org\/sevilla\/wp-json\/wp\/v2\/posts\/931","targetHints":{"allow":["GET"]}}],"collection":[{"href":"https:\/\/www.apdha.org\/sevilla\/wp-json\/wp\/v2\/posts"}],"about":[{"href":"https:\/\/www.apdha.org\/sevilla\/wp-json\/wp\/v2\/types\/post"}],"author":[{"embeddable":true,"href":"https:\/\/www.apdha.org\/sevilla\/wp-json\/wp\/v2\/users\/1"}],"replies":[{"embeddable":true,"href":"https:\/\/www.apdha.org\/sevilla\/wp-json\/wp\/v2\/comments?post=931"}],"version-history":[{"count":4,"href":"https:\/\/www.apdha.org\/sevilla\/wp-json\/wp\/v2\/posts\/931\/revisions"}],"predecessor-version":[{"id":936,"href":"https:\/\/www.apdha.org\/sevilla\/wp-json\/wp\/v2\/posts\/931\/revisions\/936"}],"wp:featuredmedia":[{"embeddable":true,"href":"https:\/\/www.apdha.org\/sevilla\/wp-json\/wp\/v2\/media\/932"}],"wp:attachment":[{"href":"https:\/\/www.apdha.org\/sevilla\/wp-json\/wp\/v2\/media?parent=931"}],"wp:term":[{"taxonomy":"category","embeddable":true,"href":"https:\/\/www.apdha.org\/sevilla\/wp-json\/wp\/v2\/categories?post=931"},{"taxonomy":"post_tag","embeddable":true,"href":"https:\/\/www.apdha.org\/sevilla\/wp-json\/wp\/v2\/tags?post=931"}],"curies":[{"name":"wp","href":"https:\/\/api.w.org\/{rel}","templated":true}]}}