{"id":937,"date":"2017-10-15T23:57:07","date_gmt":"2017-10-15T21:57:07","guid":{"rendered":"http:\/\/www.apdha.org\/sevilla\/?p=937"},"modified":"2017-10-15T23:57:07","modified_gmt":"2017-10-15T21:57:07","slug":"jornada-por-la-renta-basica-universal-sabado-21-octubre-en-casa-de-las-sirenas-alameda-de-hercules","status":"publish","type":"post","link":"https:\/\/www.apdha.org\/sevilla\/jornada-por-la-renta-basica-universal-sabado-21-octubre-en-casa-de-las-sirenas-alameda-de-hercules\/","title":{"rendered":"JORNADA por la Renta B\u00e1sica Universal (S\u00e1bado 21 Octubre en Casa de las Sirenas, Alameda de H\u00e9rcules)"},"content":{"rendered":"<p style=\"text-align: justify;\"><img loading=\"lazy\" decoding=\"async\" class=\"aligncenter size-full wp-image-938\" src=\"http:\/\/www.apdha.org\/sevilla\/wp-content\/uploads\/Cartel-Mesa-redonda-RBU-en-Sevilla-21-10-2017-IMG-20171011-WA0006.jpg\" alt=\"Cartel Mesa redonda RBU en Sevilla 21-10-2017 IMG-20171011-WA0006\" width=\"1326\" height=\"834\" srcset=\"https:\/\/www.apdha.org\/sevilla\/wp-content\/uploads\/Cartel-Mesa-redonda-RBU-en-Sevilla-21-10-2017-IMG-20171011-WA0006.jpg 1326w, https:\/\/www.apdha.org\/sevilla\/wp-content\/uploads\/Cartel-Mesa-redonda-RBU-en-Sevilla-21-10-2017-IMG-20171011-WA0006-300x189.jpg 300w, https:\/\/www.apdha.org\/sevilla\/wp-content\/uploads\/Cartel-Mesa-redonda-RBU-en-Sevilla-21-10-2017-IMG-20171011-WA0006-768x483.jpg 768w, https:\/\/www.apdha.org\/sevilla\/wp-content\/uploads\/Cartel-Mesa-redonda-RBU-en-Sevilla-21-10-2017-IMG-20171011-WA0006-1024x644.jpg 1024w, https:\/\/www.apdha.org\/sevilla\/wp-content\/uploads\/Cartel-Mesa-redonda-RBU-en-Sevilla-21-10-2017-IMG-20171011-WA0006-150x94.jpg 150w, https:\/\/www.apdha.org\/sevilla\/wp-content\/uploads\/Cartel-Mesa-redonda-RBU-en-Sevilla-21-10-2017-IMG-20171011-WA0006-318x201.jpg 318w\" sizes=\"auto, (max-width: 1326px) 100vw, 1326px\" \/><\/p>\n<p style=\"text-align: justify;\">La Plataforma por la Renta B\u00e1sica de Sevilla y provincia, de la que forma parte APDHA &#8211; Sevilla, ha organizado el s\u00e1bado 21 de octubre,\u00a0 entre las 10 y las 14 horas, en la Casa de las Sirenas (Alameda de H\u00e9rcules), una serie de actividades sobre la Renta B\u00e1sica Universal.<br \/>\nReflexionaremos\u00a0 acerca de los efectos de una renta b\u00e1sica universal sobre los colectivos empobrecidos y precarizados, sobre las mujeres, sobre las personas sin empleo, sobre los cuidados, sobre las jubilaciones, sobre los desahucios, sobre la pobreza alimentaria y energ\u00e9tica. En definitiva, sobre c\u00f3mo la renta b\u00e1sica puede contribuir a que los sujetos, de forma individual y colectiva, tengan la posibilidad de decidir sobre su propia vida.<\/p>\n<p style=\"text-align: justify;\">PROGRAMACI\u00d3N DEL D\u00cdA DE LA RENTA B\u00c1SICA UNIVERSAL<br \/>\nFECHA: 21 de Octubre de 2017<br \/>\nHORARIO: de 10 de la ma\u00f1ana a las 14 horas<br \/>\nLUGAR: Casa de las Sirenas (Alameda de H\u00e9rcules). Sevilla<br \/>\nOrganiza: Plataforma por una RBU de Sevilla y Provincia<\/p>\n<p style=\"text-align: justify;\">1.- Presentaci\u00f3n de la jornada: Alberto Barea, Portavoz de la Plataforma por una RBU de Sevilla y Provincia<\/p>\n<p style=\"text-align: justify;\">2.- V\u00eddeos sobre qu\u00e9 es la RBU.<\/p>\n<p style=\"text-align: justify;\">3.- Mesa Redonda con la participaci\u00f3n de los siguientes ponentes:<br \/>\n&#8211; RBU: significaci\u00f3n pol\u00edtica. Isidoro Moreno, catedr\u00e1tico de Antropolog\u00eda Social de la US. Miembro de Asamblea de Andaluc\u00eda.<br \/>\n&#8211; RBU y empleo-trabajo. F\u00e9lix Talego, Profesor de Antropolog\u00eda Social de la US.<br \/>\n&#8211; RBU y mujer. Pura S\u00e1nchez, Feminista y miembro de Ustea.<br \/>\n&#8211; RBU: financiaci\u00f3n. Manuel Delgado, Catedr\u00e1tico de Econom\u00eda de la US.<br \/>\nModera: Lola, de la Plataforma por una RBU de Sevilla y Provincia<\/p>\n<p style=\"text-align: justify;\">4.- Debate sobre los temas expuestos.<\/p>\n","protected":false},"excerpt":{"rendered":"<p>La Plataforma por la Renta B\u00e1sica de Sevilla y provincia, de la que forma parte APDHA &#8211; Sevilla, ha organizado el s\u00e1bado 21 de octubre,\u00a0 entre las 10 y las 14 horas, en la Casa de las Sirenas (Alameda de H\u00e9rcules), una serie de actividades sobre la Renta B\u00e1sica Universal. \u2026<\/p>\n<p> <a class=\"continue-reading-link\" href=\"https:\/\/www.apdha.org\/sevilla\/jornada-por-la-renta-basica-universal-sabado-21-octubre-en-casa-de-las-sirenas-alameda-de-hercules\/\">Seguir Leyendo<i class=\"icon-right-dir\"><\/i><\/a><\/p>\n","protected":false},"author":1,"featured_media":938,"comment_status":"closed","ping_status":"closed","sticky":false,"template":"","format":"standard","meta":{"footnotes":""},"categories":[3],"tags":[33,45,24],"class_list":["post-937","post","type-post","status-publish","format-standard","has-post-thumbnail","hentry","category-actividades","tag-apdhasevilla","tag-plataforma-renta-basica","tag-renta-basica-universal"],"_links":{"self":[{"href":"https:\/\/www.apdha.org\/sevilla\/wp-json\/wp\/v2\/posts\/937","targetHints":{"allow":["GET"]}}],"collection":[{"href":"https:\/\/www.apdha.org\/sevilla\/wp-json\/wp\/v2\/posts"}],"about":[{"href":"https:\/\/www.apdha.org\/sevilla\/wp-json\/wp\/v2\/types\/post"}],"author":[{"embeddable":true,"href":"https:\/\/www.apdha.org\/sevilla\/wp-json\/wp\/v2\/users\/1"}],"replies":[{"embeddable":true,"href":"https:\/\/www.apdha.org\/sevilla\/wp-json\/wp\/v2\/comments?post=937"}],"version-history":[{"count":1,"href":"https:\/\/www.apdha.org\/sevilla\/wp-json\/wp\/v2\/posts\/937\/revisions"}],"predecessor-version":[{"id":939,"href":"https:\/\/www.apdha.org\/sevilla\/wp-json\/wp\/v2\/posts\/937\/revisions\/939"}],"wp:featuredmedia":[{"embeddable":true,"href":"https:\/\/www.apdha.org\/sevilla\/wp-json\/wp\/v2\/media\/938"}],"wp:attachment":[{"href":"https:\/\/www.apdha.org\/sevilla\/wp-json\/wp\/v2\/media?parent=937"}],"wp:term":[{"taxonomy":"category","embeddable":true,"href":"https:\/\/www.apdha.org\/sevilla\/wp-json\/wp\/v2\/categories?post=937"},{"taxonomy":"post_tag","embeddable":true,"href":"https:\/\/www.apdha.org\/sevilla\/wp-json\/wp\/v2\/tags?post=937"}],"curies":[{"name":"wp","href":"https:\/\/api.w.org\/{rel}","templated":true}]}}