{"id":941,"date":"2017-10-16T13:23:37","date_gmt":"2017-10-16T11:23:37","guid":{"rendered":"http:\/\/www.apdha.org\/sevilla\/?p=941"},"modified":"2017-10-16T13:23:37","modified_gmt":"2017-10-16T11:23:37","slug":"apdha-sevilla-se-concentra-ante-la-cumbre-de-la-verguenza","status":"publish","type":"post","link":"https:\/\/www.apdha.org\/sevilla\/apdha-sevilla-se-concentra-ante-la-cumbre-de-la-verguenza\/","title":{"rendered":"APDHA Sevilla se concentra ante la cumbre de la verg\u00fcenza"},"content":{"rendered":"<p style=\"text-align: justify;\"><strong><img loading=\"lazy\" decoding=\"async\" class=\"aligncenter size-full wp-image-942\" src=\"http:\/\/www.apdha.org\/sevilla\/wp-content\/uploads\/sevilla-conc-cumbre-G6.jpg\" alt=\"sevilla-conc-cumbre-G6\" width=\"1280\" height=\"768\" srcset=\"https:\/\/www.apdha.org\/sevilla\/wp-content\/uploads\/sevilla-conc-cumbre-G6.jpg 1280w, https:\/\/www.apdha.org\/sevilla\/wp-content\/uploads\/sevilla-conc-cumbre-G6-300x180.jpg 300w, https:\/\/www.apdha.org\/sevilla\/wp-content\/uploads\/sevilla-conc-cumbre-G6-768x461.jpg 768w, https:\/\/www.apdha.org\/sevilla\/wp-content\/uploads\/sevilla-conc-cumbre-G6-1024x614.jpg 1024w, https:\/\/www.apdha.org\/sevilla\/wp-content\/uploads\/sevilla-conc-cumbre-G6-150x90.jpg 150w\" sizes=\"auto, (max-width: 1280px) 100vw, 1280px\" \/>Sevilla, 16 de octubre de 2017-.<\/strong> La Delegaci\u00f3n de Sevilla de la Asociaci\u00f3n Pro Derechos Humanos de Andaluc\u00eda (APDHA) hemos convocado esta ma\u00f1ana una concentraci\u00f3n frente a la Torre Sevilla donde se ha celebrado la cumbre de ministros del Interior de Espa\u00f1a, Francia, Alemania, Italia, Polonia y Reino Unido (G6).<\/p>\n<p style=\"text-align: justify;\">En la concentraci\u00f3n nos hemos unido, junto a otras organizaciones, para denunciar que la pol\u00edtica europea viene a sintetizarse en: rechazo, represi\u00f3n y expulsi\u00f3n de las personas migrantes. Personas que en una emigraci\u00f3n forzada acuden a Europa buscando refugio por razones de violencia f\u00edsica, ps\u00edquica o econ\u00f3mica.<\/p>\n<p style=\"text-align: justify;\">Denunciamos la pol\u00edtica de fronteras de la Uni\u00f3n Europea que, en lugar de utilizarlas como puente o v\u00eda segura para los que buscan refugio, las blinda con medios humanos, t\u00e9cnicos, policiales, militares e incluso comprando y utilizando a los gobiernos \u201cdel otro lado\u201d. Todo ello con la inversi\u00f3n disparatada de millones de euros para detener, sobre todo, el curso migratorio de las personas empobrecidas.<\/p>\n<p style=\"text-align: justify;\">Queremos recordar a la Uni\u00f3n Europea que los valores y los derechos reconocidos por ella misma son negados por una pol\u00edtica inhumana. Recordarle que el Acuerdo de Dubl\u00edn III, el Fondo Fiduciario de Emergencia de la Uni\u00f3n Europea para \u00c1frica, el programa de reubicaciones y reasentamientos de solicitantes de asilo &#8211; creado, tergiversado e incumplido desde 2015 &#8211; y la criminalizaci\u00f3n de las ONG empe\u00f1adas en salvar la vida de las personas migrantes, han tra\u00eddo como consecuencia mucho sufrimiento y mucha muerte.<\/p>\n<p style=\"text-align: justify;\">A los ministros reunidos queremos decirles que se atrevan a mirar a la cara a las personas migrantes en vez de blindarse antes de elaborar su pol\u00edtica migratoria; pedirles que hagan una autocr\u00edtica hasta reconocer su responsabilidad en tanto sufrimiento y en tanta muerte; exigirles una pol\u00edtica migratoria coherente con el respeto a la dignidad de las personas migrantes, el reconocimiento de los derechos humanos y las razones de justicia. Asimismo queremos\u00a0 recordar que el hacer justicia conlleva la obligaci\u00f3n de reparar.<\/p>\n","protected":false},"excerpt":{"rendered":"<p>Sevilla, 16 de octubre de 2017-. La Delegaci\u00f3n de Sevilla de la Asociaci\u00f3n Pro Derechos Humanos de Andaluc\u00eda (APDHA) hemos convocado esta ma\u00f1ana una concentraci\u00f3n frente a la Torre Sevilla donde se ha celebrado la cumbre de ministros del Interior de Espa\u00f1a, Francia, Alemania, Italia, Polonia y Reino Unido (G6). \u2026<\/p>\n<p> <a class=\"continue-reading-link\" href=\"https:\/\/www.apdha.org\/sevilla\/apdha-sevilla-se-concentra-ante-la-cumbre-de-la-verguenza\/\">Seguir Leyendo<i class=\"icon-right-dir\"><\/i><\/a><\/p>\n","protected":false},"author":1,"featured_media":942,"comment_status":"closed","ping_status":"closed","sticky":false,"template":"","format":"standard","meta":{"footnotes":""},"categories":[1],"tags":[126,62],"class_list":["post-941","post","type-post","status-publish","format-standard","has-post-thumbnail","hentry","category-comunicados","tag-migrantes","tag-refugiads"],"_links":{"self":[{"href":"https:\/\/www.apdha.org\/sevilla\/wp-json\/wp\/v2\/posts\/941","targetHints":{"allow":["GET"]}}],"collection":[{"href":"https:\/\/www.apdha.org\/sevilla\/wp-json\/wp\/v2\/posts"}],"about":[{"href":"https:\/\/www.apdha.org\/sevilla\/wp-json\/wp\/v2\/types\/post"}],"author":[{"embeddable":true,"href":"https:\/\/www.apdha.org\/sevilla\/wp-json\/wp\/v2\/users\/1"}],"replies":[{"embeddable":true,"href":"https:\/\/www.apdha.org\/sevilla\/wp-json\/wp\/v2\/comments?post=941"}],"version-history":[{"count":2,"href":"https:\/\/www.apdha.org\/sevilla\/wp-json\/wp\/v2\/posts\/941\/revisions"}],"predecessor-version":[{"id":944,"href":"https:\/\/www.apdha.org\/sevilla\/wp-json\/wp\/v2\/posts\/941\/revisions\/944"}],"wp:featuredmedia":[{"embeddable":true,"href":"https:\/\/www.apdha.org\/sevilla\/wp-json\/wp\/v2\/media\/942"}],"wp:attachment":[{"href":"https:\/\/www.apdha.org\/sevilla\/wp-json\/wp\/v2\/media?parent=941"}],"wp:term":[{"taxonomy":"category","embeddable":true,"href":"https:\/\/www.apdha.org\/sevilla\/wp-json\/wp\/v2\/categories?post=941"},{"taxonomy":"post_tag","embeddable":true,"href":"https:\/\/www.apdha.org\/sevilla\/wp-json\/wp\/v2\/tags?post=941"}],"curies":[{"name":"wp","href":"https:\/\/api.w.org\/{rel}","templated":true}]}}