{"id":972,"date":"2017-11-06T12:32:24","date_gmt":"2017-11-06T10:32:24","guid":{"rendered":"http:\/\/www.apdha.org\/sevilla\/?p=972"},"modified":"2017-11-07T11:47:22","modified_gmt":"2017-11-07T09:47:22","slug":"colapso-servicios-sociales-tres-barrios-amate","status":"publish","type":"post","link":"https:\/\/www.apdha.org\/sevilla\/colapso-servicios-sociales-tres-barrios-amate\/","title":{"rendered":"APDHA Sevilla denuncia el colapso de los Servicios Sociales y se suma a las reivindicaciones de la Plataforma C\u00edvica Tres Barrios-Amate"},"content":{"rendered":"<p style=\"text-align: justify;\"><strong>Son barriadas especialmente necesitadas y hace un llamamiento a la ciudadan\u00eda a participar en la\u00a0concentraci\u00f3n \u00a0prevista para el martes 7 de noviembre.<\/strong><\/p>\n<p style=\"text-align: justify;\"><strong><img loading=\"lazy\" decoding=\"async\" class=\"alignleft size-medium wp-image-852\" src=\"http:\/\/www.apdha.org\/sevilla\/wp-content\/uploads\/dscf8090-300x225.jpg\" alt=\"dscf8090\" width=\"300\" height=\"225\" srcset=\"https:\/\/www.apdha.org\/sevilla\/wp-content\/uploads\/dscf8090-300x225.jpg 300w, https:\/\/www.apdha.org\/sevilla\/wp-content\/uploads\/dscf8090-768x576.jpg 768w, https:\/\/www.apdha.org\/sevilla\/wp-content\/uploads\/dscf8090-1024x768.jpg 1024w, https:\/\/www.apdha.org\/sevilla\/wp-content\/uploads\/dscf8090-150x113.jpg 150w\" sizes=\"auto, (max-width: 300px) 100vw, 300px\" \/><\/strong><\/p>\n<p style=\"text-align: justify;\"><img loading=\"lazy\" decoding=\"async\" class=\"alignleft size-medium wp-image-853\" src=\"http:\/\/www.apdha.org\/sevilla\/wp-content\/uploads\/dscf8078-300x225.jpg\" alt=\"dscf8078\" width=\"300\" height=\"225\" srcset=\"https:\/\/www.apdha.org\/sevilla\/wp-content\/uploads\/dscf8078-300x225.jpg 300w, https:\/\/www.apdha.org\/sevilla\/wp-content\/uploads\/dscf8078-768x576.jpg 768w, https:\/\/www.apdha.org\/sevilla\/wp-content\/uploads\/dscf8078-1024x768.jpg 1024w, https:\/\/www.apdha.org\/sevilla\/wp-content\/uploads\/dscf8078-150x113.jpg 150w\" sizes=\"auto, (max-width: 300px) 100vw, 300px\" \/><\/p>\n<p style=\"text-align: justify;\"><img loading=\"lazy\" decoding=\"async\" class=\"alignleft size-medium wp-image-975\" src=\"http:\/\/www.apdha.org\/sevilla\/wp-content\/uploads\/photo5767308250465807410-218x300.jpg\" alt=\"photo5767308250465807410\" width=\"218\" height=\"300\" srcset=\"https:\/\/www.apdha.org\/sevilla\/wp-content\/uploads\/photo5767308250465807410-218x300.jpg 218w, https:\/\/www.apdha.org\/sevilla\/wp-content\/uploads\/photo5767308250465807410-768x1059.jpg 768w, https:\/\/www.apdha.org\/sevilla\/wp-content\/uploads\/photo5767308250465807410-742x1024.jpg 742w, https:\/\/www.apdha.org\/sevilla\/wp-content\/uploads\/photo5767308250465807410-109x150.jpg 109w, https:\/\/www.apdha.org\/sevilla\/wp-content\/uploads\/photo5767308250465807410.jpg 928w\" sizes=\"auto, (max-width: 218px) 100vw, 218px\" \/><strong>Sevilla, 6 de noviembre de 2017-.<\/strong> Las administraciones saben que <strong>en Sevilla se encuentran tres de los cinco barrios m\u00e1s pobres de Espa\u00f1a<\/strong>. Las asociaciones y\u00a0 plataformas que est\u00e1n a pie de tajo en esos barrios vienen denunciando por activa y por pasiva la situaci\u00f3n alarmante. La Plataforma del Pol\u00edgono Sur \u201c<strong>Nosotros tambi\u00e9n somos Sevilla<\/strong>\u201d se manifestaba hace menos de dos semanas para denunciar el abandono al que est\u00e1n sometidos por parte de las distintas administraciones y para reclamar derechos b\u00e1sicos que permitan vivir de una forma normalizada. La Plataforma C\u00edvica <strong>Tres Barrios-Amate<\/strong> denuncia continuadamente la situaci\u00f3n l\u00edmite e insostenible que est\u00e1n viviendo, as\u00ed como el incumplimiento de las promesas p\u00fablicas hechas en distintas ocasiones por parte del Estado, de la Junta de Andaluc\u00eda y del Ayuntamiento en relaci\u00f3n al \u201cPlan Integral\u201d que pretende conseguir terminar con espacios de exclusi\u00f3n y pobreza en aras a una integraci\u00f3n real en la cotidianidad de la ciudad.<\/p>\n<p style=\"text-align: justify;\">APDHA denunci\u00f3 hace m\u00e1s de siete meses el <a href=\"https:\/\/www.apdha.org\/sevilla\/apdha-sevilla-denuncia-el-colapso-de-los-servicios-sociales-del-ayuntamiento\/\">colapso de los Servicios Sociales en Sevilla<\/a>. Nada significativo se ha hecho y los <strong>Servicios Sociales<\/strong> en las barriadas con m\u00e1s necesidades funcionan mucho peor que en las que las necesidades son menores. La <strong>situaci\u00f3n sigue siendo inaceptable<\/strong>: las plantillas siguen siendo insuficientes y de car\u00e1cter temporal. Las citas, incluidas las urgentes, se dilatan en el tiempo, a veces por varios meses imposibilitando dar respuestas a las demandas de la poblaci\u00f3n m\u00e1s pobre y excluida.<\/p>\n<p style=\"text-align: justify;\">Advertimos, una vez m\u00e1s, que <strong>velar para que la convivencia sea posible en toda la ciudad es un deber irrenunciable para las \u00a0administraciones p\u00fablicas<\/strong>. No es admisible que una parte importante de la poblaci\u00f3n sevillana est\u00e9 abandonada a su suerte. Debe ser una tarea primordial que los Servicios Sociales tuvieran las mejores condiciones para la correcta atenci\u00f3n a la poblaci\u00f3n afectada por la pobreza y exclusi\u00f3n social. \u00a0De nada sirven medidas puntuales, muchas veces m\u00e1s propagand\u00edsticas que efectivas, es necesario programas a largo plazo que apuesten por la normalizaci\u00f3n. No se puede dar por bueno la existencia de guetos de marginaci\u00f3n donde la pobreza es cr\u00f3nica.<\/p>\n<p style=\"text-align: justify;\">Desde la Delegaci\u00f3n en Sevilla de <strong>la Asociaci\u00f3n Pro Derechos Humanos de Andaluc\u00eda nos sumamos a la convocatoria de concentraci\u00f3n este martes 7 de noviembre<\/strong>, a las 18:00 horas, en la UTS (junto al Mercado de la Candelaria) que quiere denunciar\u00a0 la situaci\u00f3n de abandono y la continuada dejaci\u00f3n de funciones por parte de las distintas administraciones.<\/p>\n","protected":false},"excerpt":{"rendered":"<p>Son barriadas especialmente necesitadas y hace un llamamiento a la ciudadan\u00eda a participar en la\u00a0concentraci\u00f3n \u00a0prevista para el martes 7 de noviembre. Sevilla, 6 de noviembre de 2017-. Las administraciones saben que en Sevilla se encuentran tres de los cinco barrios m\u00e1s pobres de Espa\u00f1a. Las asociaciones y\u00a0 plataformas que \u2026<\/p>\n<p> <a class=\"continue-reading-link\" href=\"https:\/\/www.apdha.org\/sevilla\/colapso-servicios-sociales-tres-barrios-amate\/\">Seguir Leyendo<i class=\"icon-right-dir\"><\/i><\/a><\/p>\n","protected":false},"author":1,"featured_media":852,"comment_status":"closed","ping_status":"closed","sticky":false,"template":"","format":"standard","meta":{"footnotes":""},"categories":[1],"tags":[33,51,15,114,132,21],"class_list":["post-972","post","type-post","status-publish","format-standard","has-post-thumbnail","hentry","category-comunicados","tag-apdhasevilla","tag-emergencia-social","tag-marginacion","tag-servicios-sociales","tag-tres-barrios-amate","tag-vivienda"],"_links":{"self":[{"href":"https:\/\/www.apdha.org\/sevilla\/wp-json\/wp\/v2\/posts\/972","targetHints":{"allow":["GET"]}}],"collection":[{"href":"https:\/\/www.apdha.org\/sevilla\/wp-json\/wp\/v2\/posts"}],"about":[{"href":"https:\/\/www.apdha.org\/sevilla\/wp-json\/wp\/v2\/types\/post"}],"author":[{"embeddable":true,"href":"https:\/\/www.apdha.org\/sevilla\/wp-json\/wp\/v2\/users\/1"}],"replies":[{"embeddable":true,"href":"https:\/\/www.apdha.org\/sevilla\/wp-json\/wp\/v2\/comments?post=972"}],"version-history":[{"count":10,"href":"https:\/\/www.apdha.org\/sevilla\/wp-json\/wp\/v2\/posts\/972\/revisions"}],"predecessor-version":[{"id":983,"href":"https:\/\/www.apdha.org\/sevilla\/wp-json\/wp\/v2\/posts\/972\/revisions\/983"}],"wp:featuredmedia":[{"embeddable":true,"href":"https:\/\/www.apdha.org\/sevilla\/wp-json\/wp\/v2\/media\/852"}],"wp:attachment":[{"href":"https:\/\/www.apdha.org\/sevilla\/wp-json\/wp\/v2\/media?parent=972"}],"wp:term":[{"taxonomy":"category","embeddable":true,"href":"https:\/\/www.apdha.org\/sevilla\/wp-json\/wp\/v2\/categories?post=972"},{"taxonomy":"post_tag","embeddable":true,"href":"https:\/\/www.apdha.org\/sevilla\/wp-json\/wp\/v2\/tags?post=972"}],"curies":[{"name":"wp","href":"https:\/\/api.w.org\/{rel}","templated":true}]}}